{"id":2206,"date":"2017-04-18T09:54:18","date_gmt":"2017-04-18T09:54:18","guid":{"rendered":"https:\/\/museusolsona.cat\/?p=2206"},"modified":"2017-04-18T09:54:18","modified_gmt":"2017-04-18T09:54:18","slug":"presentacio-restauracio-llibre-baptismes-solsona","status":"publish","type":"post","link":"https:\/\/museusolsona.cat\/en\/presentacio-restauracio-llibre-baptismes-solsona\/","title":{"rendered":"Presentaci\u00f3 de la restauraci\u00f3 del primer Llibre de Baptismes de Solsona"},"content":{"rendered":"<div class=\"page\" title=\"Page 1\">\n<div class=\"section\">\n<div class=\"layoutArea\">\n<div class=\"column\">\n<p>El proper divendres 21 d\u2019abril a les 7 del vespre es presentara\u0300 al Museu D. i C. de Solsona la restauracio\u0301 del \u201cLlibre de Baptismes de la Seu de Solsona comensant lo any 1565 fins a l\u2019any 1597\u201d.<\/p>\n<p>Aquesta obra es troba dipositada a l\u2019Arxiu Diocesa\u0300 de Solsona. La seva importa\u0300ncia recau en el fet que es tracta del primer llibre de baptismes de Solsona despre\u0301s que l\u2019any 1562 el Concili de Trento dicte\u0301s l\u2019ordre de registrar les actes sacramentals dels baptismes, matrimonis i o\u0300bits de totes les parro\u0300quies. Com a curiositat, en les seves primeres pa\u0300gines, conte\u0301 la partida de naixement del pintor Francesc Ribalta. El lloc de naixement d\u2019aquest reconegut pintor barroc fou motiu de controve\u0300rsia durant anys. Els dubtes s\u2019esvai\u0308ren amb el descobriment de la pa\u0300gina d\u2019aquest llibre on diu clarament que l\u2019artista nasque\u0301 a Solsona el dia 2 de juny de 1565.<\/p>\n<p>L\u2019obra ha estat restaurada pel Centre de Restauracio\u0301 de Be\u0301ns Mobles de Catalunya i seran els te\u0300cnics d\u2019aquesta institucio\u0301 qui ens vindran a explicar els treballs realitzats: la deteccio\u0301 d\u2019infeccions microbiolo\u0300giques que patia l\u2019exemplar, l\u2019estabilitzacio\u0301 del seu suport, la consolidacio\u0301 i reintegracio\u0301 de les pe\u0300rdues que hi havia,&#8230;i una descoberta feta durant la restauracio\u0301: la reutilitzacio\u0301 de fragments d\u2019un antic pergami\u0301 per enquadernar el llibre. Per altra banda, Mn. Enric Bartrina, director de l\u2019Arxiu Diocesa\u0300 de Solsona, exposara\u0300 diversos apunts histo\u0300rics entorn aquesta edicio\u0301 i el seu contingut.<\/p>\n<p>Us convidem a participar en aquest acte conjunt entre l\u2019Arxiu Diocesa\u0300 de Solsona i el Museu, amb la valuosa col\u00b7laboracio\u0301 del Centre de Restauracio\u0301 de Be\u0301ns Mobles de Catalunya.<\/p>\n<\/div>\n<p><img loading=\"lazy\" decoding=\"async\" class=\"alignnone wp-image-2208 size-full\" src=\"https:\/\/museusolsona.cat\/wp-content\/uploads\/2017\/04\/Presentacio\u0301-Llibre-Baptismes.jpg\" alt=\"\" width=\"3425\" height=\"1890\" srcset=\"https:\/\/museusolsona.cat\/wp-content\/uploads\/2017\/04\/Presentacio\u0301-Llibre-Baptismes.jpg 3425w, https:\/\/museusolsona.cat\/wp-content\/uploads\/2017\/04\/Presentacio\u0301-Llibre-Baptismes-300x166.jpg 300w, https:\/\/museusolsona.cat\/wp-content\/uploads\/2017\/04\/Presentacio\u0301-Llibre-Baptismes-768x424.jpg 768w, https:\/\/museusolsona.cat\/wp-content\/uploads\/2017\/04\/Presentacio\u0301-Llibre-Baptismes-1024x565.jpg 1024w\" sizes=\"auto, (max-width: 3425px) 100vw, 3425px\" \/><\/p>\n<\/div>\n<\/div>\n<\/div>\n","protected":false},"excerpt":{"rendered":"<p>El proper divendres 21 d\u2019abril a les 7 del vespre es presentara\u0300 al Museu D. i C. de Solsona la restauracio\u0301 del \u201cLlibre de Baptismes [&hellip;]<\/p>\n","protected":false},"author":2,"featured_media":2207,"comment_status":"open","ping_status":"open","sticky":false,"template":"","format":"standard","meta":{"_acf_changed":false,"_monsterinsights_skip_tracking":false,"_monsterinsights_sitenote_active":false,"_monsterinsights_sitenote_note":"","_monsterinsights_sitenote_category":0,"footnotes":""},"categories":[1],"tags":[],"class_list":["post-2206","post","type-post","status-publish","format-standard","has-post-thumbnail","hentry","category-general"],"acf":[],"yoast_head":"<!-- This site is optimized with the Yoast SEO plugin v25.5 - https:\/\/yoast.com\/wordpress\/plugins\/seo\/ -->\n<title>Presentaci\u00f3 de la restauraci\u00f3 del primer Llibre de Baptismes de Solsona - Museu de Solsona Dioces\u00e0 i Comarcal<\/title>\n<meta name=\"robots\" content=\"index, follow, max-snippet:-1, max-image-preview:large, max-video-preview:-1\" \/>\n<link rel=\"canonical\" href=\"https:\/\/museusolsona.cat\/en\/presentacio-restauracio-llibre-baptismes-solsona\/\" \/>\n<meta property=\"og:locale\" content=\"en_US\" \/>\n<meta property=\"og:type\" content=\"article\" \/>\n<meta property=\"og:title\" content=\"Presentaci\u00f3 de la restauraci\u00f3 del primer Llibre de Baptismes de Solsona - Museu de Solsona Dioces\u00e0 i Comarcal\" \/>\n<meta property=\"og:description\" content=\"El proper divendres 21 d\u2019abril a les 7 del vespre es presentara\u0300 al Museu D. i C. de Solsona la restauracio\u0301 del \u201cLlibre de Baptismes [&hellip;]\" \/>\n<meta property=\"og:url\" content=\"https:\/\/museusolsona.cat\/en\/presentacio-restauracio-llibre-baptismes-solsona\/\" \/>\n<meta property=\"og:site_name\" content=\"Museu de Solsona Dioces\u00e0 i Comarcal\" \/>\n<meta property=\"article:published_time\" content=\"2017-04-18T09:54:18+00:00\" \/>\n<meta property=\"og:image\" content=\"http:\/\/museusolsona.cat\/wp-content\/uploads\/2017\/04\/Partida-naixement-ribalta.png\" \/>\n\t<meta property=\"og:image:width\" content=\"1633\" \/>\n\t<meta property=\"og:image:height\" content=\"384\" \/>\n\t<meta property=\"og:image:type\" content=\"image\/png\" \/>\n<meta name=\"author\" content=\"museusolsona\" \/>\n<meta name=\"twitter:label1\" content=\"Written by\" \/>\n\t<meta name=\"twitter:data1\" content=\"museusolsona\" \/>\n\t<meta name=\"twitter:label2\" content=\"Est. reading time\" \/>\n\t<meta name=\"twitter:data2\" content=\"1 minute\" \/>\n<script type=\"application\/ld+json\" class=\"yoast-schema-graph\">{\"@context\":\"https:\/\/schema.org\",\"@graph\":[{\"@type\":\"WebPage\",\"@id\":\"https:\/\/museusolsona.cat\/en\/presentacio-restauracio-llibre-baptismes-solsona\/\",\"url\":\"https:\/\/museusolsona.cat\/en\/presentacio-restauracio-llibre-baptismes-solsona\/\",\"name\":\"Presentaci\u00f3 de la restauraci\u00f3 del primer Llibre de Baptismes de Solsona - Museu de Solsona Dioces\u00e0 i Comarcal\",\"isPartOf\":{\"@id\":\"https:\/\/museusolsona.cat\/en\/#website\"},\"primaryImageOfPage\":{\"@id\":\"https:\/\/museusolsona.cat\/en\/presentacio-restauracio-llibre-baptismes-solsona\/#primaryimage\"},\"image\":{\"@id\":\"https:\/\/museusolsona.cat\/presentacio-restauracio-llibre-baptismes-solsona\/#primaryimage\"},\"thumbnailUrl\":\"https:\/\/museusolsona.cat\/wp-content\/uploads\/2017\/04\/Partida-naixement-ribalta.png\",\"datePublished\":\"2017-04-18T09:54:18+00:00\",\"author\":{\"@id\":\"https:\/\/museusolsona.cat\/#\/schema\/person\/a0d48ab8c2cbe4d90ae310c0ab8f0dbc\"},\"inLanguage\":\"en-US\",\"potentialAction\":[{\"@type\":\"ReadAction\",\"target\":[[\"https:\/\/museusolsona.cat\/en\/presentacio-restauracio-llibre-baptismes-solsona\/\"]]}]},{\"@type\":\"ImageObject\",\"inLanguage\":\"en-US\",\"@id\":\"https:\/\/museusolsona.cat\/en\/presentacio-restauracio-llibre-baptismes-solsona\/#primaryimage\",\"url\":\"https:\/\/museusolsona.cat\/wp-content\/uploads\/2017\/04\/Partida-naixement-ribalta.png\",\"contentUrl\":\"https:\/\/museusolsona.cat\/wp-content\/uploads\/2017\/04\/Partida-naixement-ribalta.png\",\"width\":1633,\"height\":384},{\"@type\":\"WebSite\",\"@id\":\"https:\/\/museusolsona.cat\/en\/#website\",\"url\":\"https:\/\/museusolsona.cat\/en\/\",\"name\":\"Museu de Solsona Dioces\u00e0 i Comarcal\",\"description\":\"\",\"potentialAction\":[{\"@type\":\"SearchAction\",\"target\":{\"@type\":\"EntryPoint\",\"urlTemplate\":\"https:\/\/museusolsona.cat\/en\/?s={search_term_string}\"},\"query-input\":{\"@type\":\"PropertyValueSpecification\",\"valueRequired\":true,\"valueName\":\"search_term_string\"}}],\"inLanguage\":\"en-US\"},{\"@type\":\"Person\",\"@id\":\"https:\/\/museusolsona.cat\/#\/schema\/person\/a0d48ab8c2cbe4d90ae310c0ab8f0dbc\",\"name\":\"museusolsona\",\"image\":{\"@type\":\"ImageObject\",\"inLanguage\":\"en-US\",\"@id\":\"https:\/\/museusolsona.cat\/en\/#\/schema\/person\/image\/\",\"url\":\"https:\/\/secure.gravatar.com\/avatar\/c172e1b5bc293719685f2113189491f9fc7274aecb8b72d799b2d199408e3f9b?s=96&d=mm&r=g\",\"contentUrl\":\"https:\/\/secure.gravatar.com\/avatar\/c172e1b5bc293719685f2113189491f9fc7274aecb8b72d799b2d199408e3f9b?s=96&d=mm&r=g\",\"caption\":\"museusolsona\"},\"url\":\"https:\/\/museusolsona.cat\/en\/author\/museusolsona\/\"}]}<\/script>\n<!-- \/ Yoast SEO plugin. -->","yoast_head_json":{"title":"Presentaci\u00f3 de la restauraci\u00f3 del primer Llibre de Baptismes de Solsona - Museu de Solsona Dioces\u00e0 i Comarcal","robots":{"index":"index","follow":"follow","max-snippet":"max-snippet:-1","max-image-preview":"max-image-preview:large","max-video-preview":"max-video-preview:-1"},"canonical":"https:\/\/museusolsona.cat\/en\/presentacio-restauracio-llibre-baptismes-solsona\/","og_locale":"en_US","og_type":"article","og_title":"Presentaci\u00f3 de la restauraci\u00f3 del primer Llibre de Baptismes de Solsona - Museu de Solsona Dioces\u00e0 i Comarcal","og_description":"El proper divendres 21 d\u2019abril a les 7 del vespre es presentara\u0300 al Museu D. i C. de Solsona la restauracio\u0301 del \u201cLlibre de Baptismes [&hellip;]","og_url":"https:\/\/museusolsona.cat\/en\/presentacio-restauracio-llibre-baptismes-solsona\/","og_site_name":"Museu de Solsona Dioces\u00e0 i Comarcal","article_published_time":"2017-04-18T09:54:18+00:00","og_image":[{"width":1633,"height":384,"url":"http:\/\/museusolsona.cat\/wp-content\/uploads\/2017\/04\/Partida-naixement-ribalta.png","type":"image\/png"}],"author":"museusolsona","twitter_misc":{"Written by":"museusolsona","Est. reading time":"1 minute"},"schema":{"@context":"https:\/\/schema.org","@graph":[{"@type":"WebPage","@id":"https:\/\/museusolsona.cat\/en\/presentacio-restauracio-llibre-baptismes-solsona\/","url":"https:\/\/museusolsona.cat\/en\/presentacio-restauracio-llibre-baptismes-solsona\/","name":"Presentaci\u00f3 de la restauraci\u00f3 del primer Llibre de Baptismes de Solsona - Museu de Solsona Dioces\u00e0 i Comarcal","isPartOf":{"@id":"https:\/\/museusolsona.cat\/en\/#website"},"primaryImageOfPage":{"@id":"https:\/\/museusolsona.cat\/en\/presentacio-restauracio-llibre-baptismes-solsona\/#primaryimage"},"image":{"@id":"https:\/\/museusolsona.cat\/presentacio-restauracio-llibre-baptismes-solsona\/#primaryimage"},"thumbnailUrl":"https:\/\/museusolsona.cat\/wp-content\/uploads\/2017\/04\/Partida-naixement-ribalta.png","datePublished":"2017-04-18T09:54:18+00:00","author":{"@id":"https:\/\/museusolsona.cat\/#\/schema\/person\/a0d48ab8c2cbe4d90ae310c0ab8f0dbc"},"inLanguage":"en-US","potentialAction":[{"@type":"ReadAction","target":[["https:\/\/museusolsona.cat\/en\/presentacio-restauracio-llibre-baptismes-solsona\/"]]}]},{"@type":"ImageObject","inLanguage":"en-US","@id":"https:\/\/museusolsona.cat\/en\/presentacio-restauracio-llibre-baptismes-solsona\/#primaryimage","url":"https:\/\/museusolsona.cat\/wp-content\/uploads\/2017\/04\/Partida-naixement-ribalta.png","contentUrl":"https:\/\/museusolsona.cat\/wp-content\/uploads\/2017\/04\/Partida-naixement-ribalta.png","width":1633,"height":384},{"@type":"WebSite","@id":"https:\/\/museusolsona.cat\/en\/#website","url":"https:\/\/museusolsona.cat\/en\/","name":"Museu de Solsona Dioces\u00e0 i Comarcal","description":"","potentialAction":[{"@type":"SearchAction","target":{"@type":"EntryPoint","urlTemplate":"https:\/\/museusolsona.cat\/en\/?s={search_term_string}"},"query-input":{"@type":"PropertyValueSpecification","valueRequired":true,"valueName":"search_term_string"}}],"inLanguage":"en-US"},{"@type":"Person","@id":"https:\/\/museusolsona.cat\/#\/schema\/person\/a0d48ab8c2cbe4d90ae310c0ab8f0dbc","name":"museusolsona","image":{"@type":"ImageObject","inLanguage":"en-US","@id":"https:\/\/museusolsona.cat\/en\/#\/schema\/person\/image\/","url":"https:\/\/secure.gravatar.com\/avatar\/c172e1b5bc293719685f2113189491f9fc7274aecb8b72d799b2d199408e3f9b?s=96&d=mm&r=g","contentUrl":"https:\/\/secure.gravatar.com\/avatar\/c172e1b5bc293719685f2113189491f9fc7274aecb8b72d799b2d199408e3f9b?s=96&d=mm&r=g","caption":"museusolsona"},"url":"https:\/\/museusolsona.cat\/en\/author\/museusolsona\/"}]}},"_links":{"self":[{"href":"https:\/\/museusolsona.cat\/en\/wp-json\/wp\/v2\/posts\/2206","targetHints":{"allow":["GET"]}}],"collection":[{"href":"https:\/\/museusolsona.cat\/en\/wp-json\/wp\/v2\/posts"}],"about":[{"href":"https:\/\/museusolsona.cat\/en\/wp-json\/wp\/v2\/types\/post"}],"author":[{"embeddable":true,"href":"https:\/\/museusolsona.cat\/en\/wp-json\/wp\/v2\/users\/2"}],"replies":[{"embeddable":true,"href":"https:\/\/museusolsona.cat\/en\/wp-json\/wp\/v2\/comments?post=2206"}],"version-history":[{"count":1,"href":"https:\/\/museusolsona.cat\/en\/wp-json\/wp\/v2\/posts\/2206\/revisions"}],"predecessor-version":[{"id":2209,"href":"https:\/\/museusolsona.cat\/en\/wp-json\/wp\/v2\/posts\/2206\/revisions\/2209"}],"wp:featuredmedia":[{"embeddable":true,"href":"https:\/\/museusolsona.cat\/en\/wp-json\/wp\/v2\/media\/2207"}],"wp:attachment":[{"href":"https:\/\/museusolsona.cat\/en\/wp-json\/wp\/v2\/media?parent=2206"}],"wp:term":[{"taxonomy":"category","embeddable":true,"href":"https:\/\/museusolsona.cat\/en\/wp-json\/wp\/v2\/categories?post=2206"},{"taxonomy":"post_tag","embeddable":true,"href":"https:\/\/museusolsona.cat\/en\/wp-json\/wp\/v2\/tags?post=2206"}],"curies":[{"name":"wp","href":"https:\/\/api.w.org\/{rel}","templated":true}]}}