{"id":1974,"date":"2016-10-05T14:39:45","date_gmt":"2016-10-05T14:39:45","guid":{"rendered":"https:\/\/museusolsona.cat\/?p=1974"},"modified":"2016-10-05T14:53:18","modified_gmt":"2016-10-05T14:53:18","slug":"mes-dun-centenar-de-persones-participen-en-els-actes-de-celebracio-del-centenari-del-cementiri-dolius","status":"publish","type":"post","link":"https:\/\/museusolsona.cat\/es\/mes-dun-centenar-de-persones-participen-en-els-actes-de-celebracio-del-centenari-del-cementiri-dolius\/","title":{"rendered":"M\u00e9s d&#8217;un centenar de persones participen en els actes de celebraci\u00f3 del centenari del Cementiri d&#8217;Olius"},"content":{"rendered":"<p>El passat 6 de setembre es va commemorar el centenari del Cementiri d&#8217;Olius amb l&#8217;organitzaci\u00f3 de la jornada <span style=\"text-decoration: underline;\">100 d&#8217;anys d&#8217;arquitectura i paisatge<\/span> i m\u00e9s tard amb la inauguraci\u00f3 de l&#8217;exposici\u00f3:<span style=\"text-decoration: underline;\">\u00a0 L&#8217;Arquitecte de cap\u00e7alera Bernard\u00ed Martorell i Puig en en el centenari del Cementiri d&#8217;Olius (1916-2016).\u00a0<\/span>\u00a0Ambdues activitats s&#8217;organitzaren des del Museu D. i C. de Solsona i amb la col\u00b7laboraci\u00f3 de l&#8217;Ajuntament d&#8217;Olius i la Parr\u00f2quia de Sant Esteve.<\/p>\n<p>Al mat\u00ed es realitz\u00e0 una visita al cementir d&#8217;Olius condu\u00efda per Marc Manzano, autor del projecte de restauraci\u00f3 i adeq\u00fcaci\u00f3 del conjunt format per l&#8217;esgl\u00e9sia de Sant Esteve, el jaciment ib\u00e8ric i el cementiri modernista.<br \/>\n<img loading=\"lazy\" decoding=\"async\" class=\"alignnone wp-image-1977 size-full\" src=\"https:\/\/museusolsona.cat\/wp-content\/uploads\/2016\/10\/Olius-3.jpg\" alt=\"olius-3\" width=\"1600\" height=\"1200\" srcset=\"https:\/\/museusolsona.cat\/wp-content\/uploads\/2016\/10\/Olius-3.jpg 1600w, https:\/\/museusolsona.cat\/wp-content\/uploads\/2016\/10\/Olius-3-300x225.jpg 300w, https:\/\/museusolsona.cat\/wp-content\/uploads\/2016\/10\/Olius-3-1024x768.jpg 1024w\" sizes=\"auto, (max-width: 1600px) 100vw, 1600px\" \/>\u00a0 \u00a0 \u00a0 \u00a0 \u00a0 \u00a0 \u00a0<img loading=\"lazy\" decoding=\"async\" class=\"alignnone wp-image-1976 size-full\" src=\"https:\/\/museusolsona.cat\/wp-content\/uploads\/2016\/10\/Olius-2.jpg\" alt=\"olius-2\" width=\"1600\" height=\"1200\" srcset=\"https:\/\/museusolsona.cat\/wp-content\/uploads\/2016\/10\/Olius-2.jpg 1600w, https:\/\/museusolsona.cat\/wp-content\/uploads\/2016\/10\/Olius-2-300x225.jpg 300w, https:\/\/museusolsona.cat\/wp-content\/uploads\/2016\/10\/Olius-2-1024x768.jpg 1024w\" sizes=\"auto, (max-width: 1600px) 100vw, 1600px\" \/><\/p>\n<p>A la tarda, just despr\u00e9s de dinar i despr\u00e9s de la presentaci\u00f3 per part de Llu\u00eds Prat, director del Museu D. i C. de Solsona, i Antoni M\u00e0rquez, alcalde d&#8217;Olius, es van dur a terme les xerrades:<\/p>\n<ul>\n<li>Modernisme i classicisme en els cementiris catalans. A c\u00e0rrec de Raquel Lacuesta, Historiadora de l&#8217;art. Acad\u00e8mia de les Belles Arts de Sant Jordi.<\/li>\n<li>Un paisatge cultural, 100 anys de natura i modernisme. A c\u00e0rrec de Marc Manzano, \u00a0Arquitecte. Secci\u00f3 de Conservaci\u00f3 i millora del Patrimoni del Departament de Governaci\u00f3, Administracions P\u00fabliques i Habitatge.<\/li>\n<\/ul>\n<p>Les xerrades es realitzaren a la Sala del Campanar i es feu una pausa a la terrassa del museu des d&#8217;on els assitents van poder fer tert\u00falia sota l&#8217;ombra del campanar.<\/p>\n<p><img loading=\"lazy\" decoding=\"async\" class=\"alignnone wp-image-1983 size-full\" src=\"https:\/\/museusolsona.cat\/wp-content\/uploads\/2016\/10\/IMG_7937.jpg\" alt=\"img_7937\" width=\"2448\" height=\"2448\" srcset=\"https:\/\/museusolsona.cat\/wp-content\/uploads\/2016\/10\/IMG_7937.jpg 2448w, https:\/\/museusolsona.cat\/wp-content\/uploads\/2016\/10\/IMG_7937-300x300.jpg 300w, https:\/\/museusolsona.cat\/wp-content\/uploads\/2016\/10\/IMG_7937-1024x1024.jpg 1024w\" sizes=\"auto, (max-width: 2448px) 100vw, 2448px\" \/>\u00a0 \u00a0 \u00a0 \u00a0 \u00a0 \u00a0\u00a0<img loading=\"lazy\" decoding=\"async\" class=\"alignnone wp-image-1984 size-full\" src=\"https:\/\/museusolsona.cat\/wp-content\/uploads\/2016\/10\/IMG_7927.jpg\" alt=\"img_7927\" width=\"2448\" height=\"2448\" srcset=\"https:\/\/museusolsona.cat\/wp-content\/uploads\/2016\/10\/IMG_7927.jpg 2448w, https:\/\/museusolsona.cat\/wp-content\/uploads\/2016\/10\/IMG_7927-300x300.jpg 300w, https:\/\/museusolsona.cat\/wp-content\/uploads\/2016\/10\/IMG_7927-1024x1024.jpg 1024w\" sizes=\"auto, (max-width: 2448px) 100vw, 2448px\" \/><\/p>\n<p>Finalment a les set de la tarda tingu\u00e9 lloc la inauguraci\u00f3 de l&#8217;exposici\u00f3: <span style=\"text-decoration: underline;\">L&#8217;arquitecte de cap\u00e7alera Bernard\u00ed Martorell i Puig en el centenari del Cementiri d&#8217;Olius (1916-2916).\u00a0<\/span> Prop d&#8217;un centenar de persones van assistir als parlaments a l&#8217;entrada del Palau Episcopal de Solsona i m\u00e9s tard a una visita guiada a l&#8217;exposici\u00f3 de la m\u00e0 del seu comissari el Dr. Joaquim M. Puigvert.<\/p>\n<p><img loading=\"lazy\" decoding=\"async\" class=\"alignnone wp-image-1986 size-full\" src=\"https:\/\/museusolsona.cat\/wp-content\/uploads\/2016\/10\/IMG_7416.jpg\" alt=\"img_7416\" width=\"5107\" height=\"3405\" srcset=\"https:\/\/museusolsona.cat\/wp-content\/uploads\/2016\/10\/IMG_7416.jpg 5107w, https:\/\/museusolsona.cat\/wp-content\/uploads\/2016\/10\/IMG_7416-300x200.jpg 300w, https:\/\/museusolsona.cat\/wp-content\/uploads\/2016\/10\/IMG_7416-1024x683.jpg 1024w\" sizes=\"auto, (max-width: 5107px) 100vw, 5107px\" \/>\u00a0 \u00a0 \u00a0 \u00a0 \u00a0 \u00a0 \u00a0\u00a0 <img loading=\"lazy\" decoding=\"async\" class=\"alignnone wp-image-1987 size-full\" src=\"https:\/\/museusolsona.cat\/wp-content\/uploads\/2016\/10\/IMG_7460.jpg\" alt=\"img_7460\" width=\"5147\" height=\"3431\" srcset=\"https:\/\/museusolsona.cat\/wp-content\/uploads\/2016\/10\/IMG_7460.jpg 5147w, https:\/\/museusolsona.cat\/wp-content\/uploads\/2016\/10\/IMG_7460-300x200.jpg 300w, https:\/\/museusolsona.cat\/wp-content\/uploads\/2016\/10\/IMG_7460-1024x683.jpg 1024w\" sizes=\"auto, (max-width: 5147px) 100vw, 5147px\" \/><\/p>\n<p>Aquesta nova producci\u00f3 del Museu D. i C. de Solsona pret\u00e9n acostar al gran p\u00fablic la figura de l&#8217;arquitecte dioces\u00e0 de cap\u00e7alera mitjan\u00e7ant la figura de Bernard\u00ed Martorell i Puig, arquitecte del bisbe\u00a0Francesc d\u2019Ass\u00eds Vidal i Barraquer i responsable del projecte i execuci\u00f3 de l\u2019obra del cementiri d&#8217;Olius.<\/p>\n<p>L\u2019exposici\u00f3 es completa amb l\u2019edici\u00f3 del seu cat\u00e0leg.<\/p>\n<p>Agra\u00efm la pres\u00e8ncia dels familiars de Bernard\u00ed Martorell aix\u00ed com tota l&#8217;ajuda prestada durant la producci\u00f3 de l&#8217;exposici\u00f3.<\/p>\n<p><img loading=\"lazy\" decoding=\"async\" class=\"alignnone wp-image-1999 size-full\" src=\"https:\/\/museusolsona.cat\/wp-content\/uploads\/2016\/06\/P1140915-e1475678363549.jpg\" alt=\"p1140915\" width=\"2266\" height=\"1231\" srcset=\"https:\/\/museusolsona.cat\/wp-content\/uploads\/2016\/06\/P1140915-e1475678363549.jpg 2266w, https:\/\/museusolsona.cat\/wp-content\/uploads\/2016\/06\/P1140915-e1475678363549-300x163.jpg 300w, https:\/\/museusolsona.cat\/wp-content\/uploads\/2016\/06\/P1140915-e1475678363549-1024x556.jpg 1024w\" sizes=\"auto, (max-width: 2266px) 100vw, 2266px\" \/><\/p>\n<p>Trobareu m\u00e9s fotografies a:<\/p>\n<p><a href=\"https:\/\/museusolsona.cat\/exposicionstemporals\/larquitecte-de-capcalera-bernardi-martorell-i-puig-en-el-centenari-del-cementiri-dolius-1916-2016\/\">https:\/\/museusolsona.cat\/exposicionstemporals\/larquitecte-de-capcalera-bernardi-martorell-i-puig-en-el-centenari-del-cementiri-dolius-1916-2016\/<\/a><\/p>\n","protected":false},"excerpt":{"rendered":"<p>El passat 6 de setembre es va commemorar el centenari del Cementiri d&#8217;Olius amb l&#8217;organitzaci\u00f3 de la jornada 100 d&#8217;anys d&#8217;arquitectura i paisatge i m\u00e9s [&hellip;]<\/p>\n","protected":false},"author":2,"featured_media":2011,"comment_status":"open","ping_status":"open","sticky":false,"template":"","format":"standard","meta":{"_acf_changed":false,"_monsterinsights_skip_tracking":false,"_monsterinsights_sitenote_active":false,"_monsterinsights_sitenote_note":"","_monsterinsights_sitenote_category":0,"footnotes":""},"categories":[1],"tags":[],"class_list":["post-1974","post","type-post","status-publish","format-standard","has-post-thumbnail","hentry","category-general"],"acf":[],"yoast_head":"<!-- This site is optimized with the Yoast SEO plugin v25.5 - https:\/\/yoast.com\/wordpress\/plugins\/seo\/ -->\n<title>M\u00e9s d&#039;un centenar de persones participen en els actes de celebraci\u00f3 del centenari del Cementiri d&#039;Olius - Museu de Solsona Dioces\u00e0 i Comarcal<\/title>\n<meta name=\"robots\" content=\"index, follow, max-snippet:-1, max-image-preview:large, max-video-preview:-1\" \/>\n<link rel=\"canonical\" href=\"https:\/\/museusolsona.cat\/es\/mes-dun-centenar-de-persones-participen-en-els-actes-de-celebracio-del-centenari-del-cementiri-dolius\/\" \/>\n<meta property=\"og:locale\" content=\"es_ES\" \/>\n<meta property=\"og:type\" content=\"article\" \/>\n<meta property=\"og:title\" content=\"M\u00e9s d&#039;un centenar de persones participen en els actes de celebraci\u00f3 del centenari del Cementiri d&#039;Olius - Museu de Solsona Dioces\u00e0 i Comarcal\" \/>\n<meta property=\"og:description\" content=\"El passat 6 de setembre es va commemorar el centenari del Cementiri d&#8217;Olius amb l&#8217;organitzaci\u00f3 de la jornada 100 d&#8217;anys d&#8217;arquitectura i paisatge i m\u00e9s [&hellip;]\" \/>\n<meta property=\"og:url\" content=\"https:\/\/museusolsona.cat\/es\/mes-dun-centenar-de-persones-participen-en-els-actes-de-celebracio-del-centenari-del-cementiri-dolius\/\" \/>\n<meta property=\"og:site_name\" content=\"Museu de Solsona Dioces\u00e0 i Comarcal\" \/>\n<meta property=\"article:published_time\" content=\"2016-10-05T14:39:45+00:00\" \/>\n<meta property=\"article:modified_time\" content=\"2016-10-05T14:53:18+00:00\" \/>\n<meta property=\"og:image\" content=\"http:\/\/museusolsona.cat\/wp-content\/uploads\/2016\/10\/olius-expo-e1475679185907.jpg\" \/>\n\t<meta property=\"og:image:width\" content=\"2383\" \/>\n\t<meta property=\"og:image:height\" content=\"782\" \/>\n\t<meta property=\"og:image:type\" content=\"image\/jpeg\" \/>\n<meta name=\"author\" content=\"museusolsona\" \/>\n<meta name=\"twitter:label1\" content=\"Escrito por\" \/>\n\t<meta name=\"twitter:data1\" content=\"museusolsona\" \/>\n\t<meta name=\"twitter:label2\" content=\"Tiempo de lectura\" \/>\n\t<meta name=\"twitter:data2\" content=\"2 minutos\" \/>\n<script type=\"application\/ld+json\" class=\"yoast-schema-graph\">{\"@context\":\"https:\/\/schema.org\",\"@graph\":[{\"@type\":\"WebPage\",\"@id\":\"https:\/\/museusolsona.cat\/es\/mes-dun-centenar-de-persones-participen-en-els-actes-de-celebracio-del-centenari-del-cementiri-dolius\/\",\"url\":\"https:\/\/museusolsona.cat\/es\/mes-dun-centenar-de-persones-participen-en-els-actes-de-celebracio-del-centenari-del-cementiri-dolius\/\",\"name\":\"M\u00e9s d'un centenar de persones participen en els actes de celebraci\u00f3 del centenari del Cementiri d'Olius - Museu de Solsona Dioces\u00e0 i Comarcal\",\"isPartOf\":{\"@id\":\"https:\/\/museusolsona.cat\/es\/#website\"},\"primaryImageOfPage\":{\"@id\":\"https:\/\/museusolsona.cat\/es\/mes-dun-centenar-de-persones-participen-en-els-actes-de-celebracio-del-centenari-del-cementiri-dolius\/#primaryimage\"},\"image\":{\"@id\":\"https:\/\/museusolsona.cat\/mes-dun-centenar-de-persones-participen-en-els-actes-de-celebracio-del-centenari-del-cementiri-dolius\/#primaryimage\"},\"thumbnailUrl\":\"https:\/\/museusolsona.cat\/wp-content\/uploads\/2016\/10\/olius-expo-e1475679185907.jpg\",\"datePublished\":\"2016-10-05T14:39:45+00:00\",\"dateModified\":\"2016-10-05T14:53:18+00:00\",\"author\":{\"@id\":\"https:\/\/museusolsona.cat\/#\/schema\/person\/a0d48ab8c2cbe4d90ae310c0ab8f0dbc\"},\"inLanguage\":\"es\",\"potentialAction\":[{\"@type\":\"ReadAction\",\"target\":[[\"https:\/\/museusolsona.cat\/es\/mes-dun-centenar-de-persones-participen-en-els-actes-de-celebracio-del-centenari-del-cementiri-dolius\/\"]]}]},{\"@type\":\"ImageObject\",\"inLanguage\":\"es\",\"@id\":\"https:\/\/museusolsona.cat\/es\/mes-dun-centenar-de-persones-participen-en-els-actes-de-celebracio-del-centenari-del-cementiri-dolius\/#primaryimage\",\"url\":\"https:\/\/museusolsona.cat\/wp-content\/uploads\/2016\/10\/olius-expo-e1475679185907.jpg\",\"contentUrl\":\"https:\/\/museusolsona.cat\/wp-content\/uploads\/2016\/10\/olius-expo-e1475679185907.jpg\",\"width\":2383,\"height\":782},{\"@type\":\"WebSite\",\"@id\":\"https:\/\/museusolsona.cat\/es\/#website\",\"url\":\"https:\/\/museusolsona.cat\/es\/\",\"name\":\"Museu de Solsona Dioces\u00e0 i Comarcal\",\"description\":\"\",\"potentialAction\":[{\"@type\":\"SearchAction\",\"target\":{\"@type\":\"EntryPoint\",\"urlTemplate\":\"https:\/\/museusolsona.cat\/es\/?s={search_term_string}\"},\"query-input\":{\"@type\":\"PropertyValueSpecification\",\"valueRequired\":true,\"valueName\":\"search_term_string\"}}],\"inLanguage\":\"es\"},{\"@type\":\"Person\",\"@id\":\"https:\/\/museusolsona.cat\/#\/schema\/person\/a0d48ab8c2cbe4d90ae310c0ab8f0dbc\",\"name\":\"museusolsona\",\"image\":{\"@type\":\"ImageObject\",\"inLanguage\":\"es\",\"@id\":\"https:\/\/museusolsona.cat\/es\/#\/schema\/person\/image\/\",\"url\":\"https:\/\/secure.gravatar.com\/avatar\/c172e1b5bc293719685f2113189491f9fc7274aecb8b72d799b2d199408e3f9b?s=96&d=mm&r=g\",\"contentUrl\":\"https:\/\/secure.gravatar.com\/avatar\/c172e1b5bc293719685f2113189491f9fc7274aecb8b72d799b2d199408e3f9b?s=96&d=mm&r=g\",\"caption\":\"museusolsona\"},\"url\":\"https:\/\/museusolsona.cat\/es\/author\/museusolsona\/\"}]}<\/script>\n<!-- \/ Yoast SEO plugin. -->","yoast_head_json":{"title":"M\u00e9s d'un centenar de persones participen en els actes de celebraci\u00f3 del centenari del Cementiri d'Olius - Museu de Solsona Dioces\u00e0 i Comarcal","robots":{"index":"index","follow":"follow","max-snippet":"max-snippet:-1","max-image-preview":"max-image-preview:large","max-video-preview":"max-video-preview:-1"},"canonical":"https:\/\/museusolsona.cat\/es\/mes-dun-centenar-de-persones-participen-en-els-actes-de-celebracio-del-centenari-del-cementiri-dolius\/","og_locale":"es_ES","og_type":"article","og_title":"M\u00e9s d'un centenar de persones participen en els actes de celebraci\u00f3 del centenari del Cementiri d'Olius - Museu de Solsona Dioces\u00e0 i Comarcal","og_description":"El passat 6 de setembre es va commemorar el centenari del Cementiri d&#8217;Olius amb l&#8217;organitzaci\u00f3 de la jornada 100 d&#8217;anys d&#8217;arquitectura i paisatge i m\u00e9s [&hellip;]","og_url":"https:\/\/museusolsona.cat\/es\/mes-dun-centenar-de-persones-participen-en-els-actes-de-celebracio-del-centenari-del-cementiri-dolius\/","og_site_name":"Museu de Solsona Dioces\u00e0 i Comarcal","article_published_time":"2016-10-05T14:39:45+00:00","article_modified_time":"2016-10-05T14:53:18+00:00","og_image":[{"width":2383,"height":782,"url":"http:\/\/museusolsona.cat\/wp-content\/uploads\/2016\/10\/olius-expo-e1475679185907.jpg","type":"image\/jpeg"}],"author":"museusolsona","twitter_misc":{"Escrito por":"museusolsona","Tiempo de lectura":"2 minutos"},"schema":{"@context":"https:\/\/schema.org","@graph":[{"@type":"WebPage","@id":"https:\/\/museusolsona.cat\/es\/mes-dun-centenar-de-persones-participen-en-els-actes-de-celebracio-del-centenari-del-cementiri-dolius\/","url":"https:\/\/museusolsona.cat\/es\/mes-dun-centenar-de-persones-participen-en-els-actes-de-celebracio-del-centenari-del-cementiri-dolius\/","name":"M\u00e9s d'un centenar de persones participen en els actes de celebraci\u00f3 del centenari del Cementiri d'Olius - Museu de Solsona Dioces\u00e0 i Comarcal","isPartOf":{"@id":"https:\/\/museusolsona.cat\/es\/#website"},"primaryImageOfPage":{"@id":"https:\/\/museusolsona.cat\/es\/mes-dun-centenar-de-persones-participen-en-els-actes-de-celebracio-del-centenari-del-cementiri-dolius\/#primaryimage"},"image":{"@id":"https:\/\/museusolsona.cat\/mes-dun-centenar-de-persones-participen-en-els-actes-de-celebracio-del-centenari-del-cementiri-dolius\/#primaryimage"},"thumbnailUrl":"https:\/\/museusolsona.cat\/wp-content\/uploads\/2016\/10\/olius-expo-e1475679185907.jpg","datePublished":"2016-10-05T14:39:45+00:00","dateModified":"2016-10-05T14:53:18+00:00","author":{"@id":"https:\/\/museusolsona.cat\/#\/schema\/person\/a0d48ab8c2cbe4d90ae310c0ab8f0dbc"},"inLanguage":"es","potentialAction":[{"@type":"ReadAction","target":[["https:\/\/museusolsona.cat\/es\/mes-dun-centenar-de-persones-participen-en-els-actes-de-celebracio-del-centenari-del-cementiri-dolius\/"]]}]},{"@type":"ImageObject","inLanguage":"es","@id":"https:\/\/museusolsona.cat\/es\/mes-dun-centenar-de-persones-participen-en-els-actes-de-celebracio-del-centenari-del-cementiri-dolius\/#primaryimage","url":"https:\/\/museusolsona.cat\/wp-content\/uploads\/2016\/10\/olius-expo-e1475679185907.jpg","contentUrl":"https:\/\/museusolsona.cat\/wp-content\/uploads\/2016\/10\/olius-expo-e1475679185907.jpg","width":2383,"height":782},{"@type":"WebSite","@id":"https:\/\/museusolsona.cat\/es\/#website","url":"https:\/\/museusolsona.cat\/es\/","name":"Museu de Solsona Dioces\u00e0 i Comarcal","description":"","potentialAction":[{"@type":"SearchAction","target":{"@type":"EntryPoint","urlTemplate":"https:\/\/museusolsona.cat\/es\/?s={search_term_string}"},"query-input":{"@type":"PropertyValueSpecification","valueRequired":true,"valueName":"search_term_string"}}],"inLanguage":"es"},{"@type":"Person","@id":"https:\/\/museusolsona.cat\/#\/schema\/person\/a0d48ab8c2cbe4d90ae310c0ab8f0dbc","name":"museusolsona","image":{"@type":"ImageObject","inLanguage":"es","@id":"https:\/\/museusolsona.cat\/es\/#\/schema\/person\/image\/","url":"https:\/\/secure.gravatar.com\/avatar\/c172e1b5bc293719685f2113189491f9fc7274aecb8b72d799b2d199408e3f9b?s=96&d=mm&r=g","contentUrl":"https:\/\/secure.gravatar.com\/avatar\/c172e1b5bc293719685f2113189491f9fc7274aecb8b72d799b2d199408e3f9b?s=96&d=mm&r=g","caption":"museusolsona"},"url":"https:\/\/museusolsona.cat\/es\/author\/museusolsona\/"}]}},"_links":{"self":[{"href":"https:\/\/museusolsona.cat\/es\/wp-json\/wp\/v2\/posts\/1974","targetHints":{"allow":["GET"]}}],"collection":[{"href":"https:\/\/museusolsona.cat\/es\/wp-json\/wp\/v2\/posts"}],"about":[{"href":"https:\/\/museusolsona.cat\/es\/wp-json\/wp\/v2\/types\/post"}],"author":[{"embeddable":true,"href":"https:\/\/museusolsona.cat\/es\/wp-json\/wp\/v2\/users\/2"}],"replies":[{"embeddable":true,"href":"https:\/\/museusolsona.cat\/es\/wp-json\/wp\/v2\/comments?post=1974"}],"version-history":[{"count":7,"href":"https:\/\/museusolsona.cat\/es\/wp-json\/wp\/v2\/posts\/1974\/revisions"}],"predecessor-version":[{"id":2012,"href":"https:\/\/museusolsona.cat\/es\/wp-json\/wp\/v2\/posts\/1974\/revisions\/2012"}],"wp:featuredmedia":[{"embeddable":true,"href":"https:\/\/museusolsona.cat\/es\/wp-json\/wp\/v2\/media\/2011"}],"wp:attachment":[{"href":"https:\/\/museusolsona.cat\/es\/wp-json\/wp\/v2\/media?parent=1974"}],"wp:term":[{"taxonomy":"category","embeddable":true,"href":"https:\/\/museusolsona.cat\/es\/wp-json\/wp\/v2\/categories?post=1974"},{"taxonomy":"post_tag","embeddable":true,"href":"https:\/\/museusolsona.cat\/es\/wp-json\/wp\/v2\/tags?post=1974"}],"curies":[{"name":"wp","href":"https:\/\/api.w.org\/{rel}","templated":true}]}}