{"id":2013,"date":"2016-10-05T15:18:56","date_gmt":"2016-10-05T15:18:56","guid":{"rendered":"https:\/\/museusolsona.cat\/?p=2013"},"modified":"2016-10-05T15:21:37","modified_gmt":"2016-10-05T15:21:37","slug":"es-presenten-a-solsona-les-iv-jornades-darqueologia-de-la-catalunya-central","status":"publish","type":"post","link":"https:\/\/museusolsona.cat\/es\/es-presenten-a-solsona-les-iv-jornades-darqueologia-de-la-catalunya-central\/","title":{"rendered":"Es presenten a Solsona les IV Jornades d&#8217;Arqueologia de la Catalunya Central"},"content":{"rendered":"<p class=\"p1\">El dimarts 4 d&#8217;octubre, al Museu D. i C. de Solsona, va tenir lloc la presentaci\u00f3 de les IV Jornades d&#8217;Arqueologia de la Catalunya Central. La presentaci\u00f3 an\u00e0 a c\u00e0rrec de\u00a0<span style=\"line-height: 1.5;\">la directora dels Serveis Territorials a la Catalunya Central del\u00a0<\/span>Departament de Cultura, Sra. M. \u00c0ngels Blasco; el director t\u00e8cnic del Museu Dioces\u00e0\u00a0i Comarcal de Solsona, Sr. Jaume Bernades; membre de la junta del\u00a0Centre d\u2019Estudis Lacetans, Sra. Neus Mujal, i l\u2019arque\u00f2leg del Departament de Cultura\u00a0de la Catalunya Central, Sr. Antoni Caball\u00e9.<\/p>\n<p><img loading=\"lazy\" decoding=\"async\" class=\"wp-image-2015\" src=\"https:\/\/museusolsona.cat\/wp-content\/uploads\/2016\/10\/PA040075.jpg\" alt=\"OLYMPUS DIGITAL CAMERA\" width=\"550\" height=\"413\" srcset=\"https:\/\/museusolsona.cat\/wp-content\/uploads\/2016\/10\/PA040075.jpg 3200w, https:\/\/museusolsona.cat\/wp-content\/uploads\/2016\/10\/PA040075-300x225.jpg 300w, https:\/\/museusolsona.cat\/wp-content\/uploads\/2016\/10\/PA040075-1024x768.jpg 1024w\" sizes=\"auto, (max-width: 550px) 100vw, 550px\" \/><\/p>\n<p class=\"p1\">Les Jornades d\u2019Arqueologia de la Catalunya Central neixen el 2010 amb la voluntat de\u00a0ser una eina \u00fatil de difusi\u00f3 i de coneixement i de posar a l\u2019abast de professionals,\u00a0investigadors i estudiants, els resultats de totes les intervencions arqueol\u00f2giques\u00a0portades a terme cada dos anys.<\/p>\n<p class=\"p1\">Enguany les Jornades volen ser un reconeixement a la tasca del Grup de Prehist\u00f2ria\u00a0del Solson\u00e8s (GPS), el Centre d\u2019Estudis Lacetans (CEL), que celebra el seu 20\u00e8\u00a0aniversari, i el Servei d\u2019Arqueologia Municipal de l\u2019Ajuntament de Solsona (SAMAS),\u00a0que, al costat del Museu Dioces\u00e0 i Comarcal de Solsona, s\u00f3n les entitats\u00a0vertebradores de la investigaci\u00f3, preservaci\u00f3 i difusi\u00f3 arqueol\u00f2gica al Solson\u00e8s.<\/p>\n<p class=\"p1\">Aix\u00ed doncs, les Jornades se centren el dia 14 en un monogr\u00e0fic dedicat a la recerca\u00a0arqueol\u00f2gica portada a terme durant els darrers anys a l\u2019entorn del \u00a0Prepirineu Central Catal\u00e0. Es faran tres pon\u00e8ncies, algunes comunicacions i els debats\u00a0corresponents que abasten des de la prehist\u00f2ria fins a l\u2019\u00e8poca medieval-moderna.<\/p>\n<p class=\"p1\">El dia 15 es presentaran les Comunicacions de les intervencions arqueol\u00f2giques m\u00e9s\u00a0rellevants de les 140 portades a terme durant el per\u00edode 2014-2015 a les comarques\u00a0de la Catalunya Central de l\u2019Anoia, el Bages, el Bergued\u00e0, el Moian\u00e8s, Osona i el\u00a0Solson\u00e8s.<\/p>\n<p class=\"p1\">De totes les intervencions i pon\u00e8ncies se\u2019n podr\u00e0 tenir informaci\u00f3 a les Actes\u00a0corresponents que seran publicades com d\u2019altres anys pel Departament de Cultura en\u00a0format digital i penjades el dip\u00f2sit digital El CALAIX (<a href=\"http:\/ calaix.gencat.cat\">http:\/ calaix.gencat.cat<\/a>) del mateix\u00a0Departament.<\/p>\n<p class=\"p1\">Les pon\u00e8ncies i comunicacions dels dies 14 i 15 pel mat\u00ed es faran a la Sala dels Sants\u00a0Martirs del Palau Episcopal de Solsona, i la pon\u00e8ncia i les comunicacions de la tarda\u00a0del dia 15 es faran al Sal\u00f3 de les Homilies d\u2019Organy\u00e0, a la Biblioteca Carles Morat\u00f3.<\/p>\n<p class=\"p1\">Finalment, a la tarda completarem les Jornades amb la visita guiada que far\u00e0 l\u2019equip\u00a0de la Secci\u00f3 d\u2019Arqueologia del CEL, als jaciments arqueol\u00f2gics del Castellvell i Sant\u00a0Esteve d\u2019Olius.<\/p>\n<p class=\"p1\">Enguany com a novetat es podran con\u00e8ixer mitjan\u00e7ant p\u00f2sters, instal\u00b7lats a l\u2019entrada\u00a0del Museu, els resultats d\u2019altres treballs o estudis arqueol\u00f2gics de la Catalunya\u00a0Central, fets recentment o en curs. La mostra va m\u00e9s enll\u00e0 del que seria el treball de\u00a0camp subjecte a una autoritzaci\u00f3 arqueol\u00f2gica (an\u00e0lisis materials, treballs\u00a0pluridisciplinaris, estudis de territori, recerca vinculada a tesis o treballs de m\u00e0sters,etc.).<\/p>\n<p class=\"p1\">L\u2019arqueologia ha de ser un debat cient\u00edfic, per\u00f2 aquest coneixement tamb\u00e9 forma part\u00a0del b\u00e9 com\u00fa i, per tant, ha d\u2019arribar a la societat. Per aix\u00f2, l\u2019organitzaci\u00f3 convida a\u00a0assistir-hi a tothom que vulgui aprofundir una mica m\u00e9s en aquest m\u00f3n tan ric i\u00a0apassionant.<\/p>\n<p class=\"p1\">La inscripci\u00f3 a les Jornades \u00e9s gratu\u00efta per\u00f2 cal formalitzar-la a la p\u00e0gina principal d&#8217;aquesta mateixa web:\u00a0<a href=\"https:\/\/museusolsona.cat\/\">https:\/\/museusolsona.cat\/<\/a><\/p>\n<p class=\"p1\">Adjuntem programa:<\/p>\n<p class=\"p1\"><a href=\"https:\/\/museusolsona.cat\/wp-content\/uploads\/2016\/10\/2.-PROGRAMA-IV-JORNADES-SOLSONA.pdf\">2-programa-iv-jornades-solsona<\/a><\/p>\n","protected":false},"excerpt":{"rendered":"<p>El dimarts 4 d&#8217;octubre, al Museu D. i C. de Solsona, va tenir lloc la presentaci\u00f3 de les IV Jornades d&#8217;Arqueologia de la Catalunya Central. [&hellip;]<\/p>\n","protected":false},"author":2,"featured_media":2017,"comment_status":"open","ping_status":"open","sticky":false,"template":"","format":"standard","meta":{"_acf_changed":false,"_monsterinsights_skip_tracking":false,"_monsterinsights_sitenote_active":false,"_monsterinsights_sitenote_note":"","_monsterinsights_sitenote_category":0,"footnotes":""},"categories":[1],"tags":[],"class_list":["post-2013","post","type-post","status-publish","format-standard","has-post-thumbnail","hentry","category-general"],"acf":[],"yoast_head":"<!-- This site is optimized with the Yoast SEO plugin v25.5 - https:\/\/yoast.com\/wordpress\/plugins\/seo\/ -->\n<title>Es presenten a Solsona les IV Jornades d&#039;Arqueologia de la Catalunya Central - Museu de Solsona Dioces\u00e0 i Comarcal<\/title>\n<meta name=\"robots\" content=\"index, follow, max-snippet:-1, max-image-preview:large, max-video-preview:-1\" \/>\n<link rel=\"canonical\" href=\"https:\/\/museusolsona.cat\/es\/es-presenten-a-solsona-les-iv-jornades-darqueologia-de-la-catalunya-central\/\" \/>\n<meta property=\"og:locale\" content=\"es_ES\" \/>\n<meta property=\"og:type\" content=\"article\" \/>\n<meta property=\"og:title\" content=\"Es presenten a Solsona les IV Jornades d&#039;Arqueologia de la Catalunya Central - Museu de Solsona Dioces\u00e0 i Comarcal\" \/>\n<meta property=\"og:description\" content=\"El dimarts 4 d&#8217;octubre, al Museu D. i C. de Solsona, va tenir lloc la presentaci\u00f3 de les IV Jornades d&#8217;Arqueologia de la Catalunya Central. [&hellip;]\" \/>\n<meta property=\"og:url\" content=\"https:\/\/museusolsona.cat\/es\/es-presenten-a-solsona-les-iv-jornades-darqueologia-de-la-catalunya-central\/\" \/>\n<meta property=\"og:site_name\" content=\"Museu de Solsona Dioces\u00e0 i Comarcal\" \/>\n<meta property=\"article:published_time\" content=\"2016-10-05T15:18:56+00:00\" \/>\n<meta property=\"article:modified_time\" content=\"2016-10-05T15:21:37+00:00\" \/>\n<meta property=\"og:image\" content=\"http:\/\/museusolsona.cat\/wp-content\/uploads\/2016\/10\/PA040063-e1475680592217.jpg\" \/>\n\t<meta property=\"og:image:width\" content=\"3112\" \/>\n\t<meta property=\"og:image:height\" content=\"1088\" \/>\n\t<meta property=\"og:image:type\" content=\"image\/jpeg\" \/>\n<meta name=\"author\" content=\"museusolsona\" \/>\n<meta name=\"twitter:label1\" content=\"Escrito por\" \/>\n\t<meta name=\"twitter:data1\" content=\"museusolsona\" \/>\n\t<meta name=\"twitter:label2\" content=\"Tiempo de lectura\" \/>\n\t<meta name=\"twitter:data2\" content=\"3 minutos\" \/>\n<script type=\"application\/ld+json\" class=\"yoast-schema-graph\">{\"@context\":\"https:\/\/schema.org\",\"@graph\":[{\"@type\":\"WebPage\",\"@id\":\"https:\/\/museusolsona.cat\/es\/es-presenten-a-solsona-les-iv-jornades-darqueologia-de-la-catalunya-central\/\",\"url\":\"https:\/\/museusolsona.cat\/es\/es-presenten-a-solsona-les-iv-jornades-darqueologia-de-la-catalunya-central\/\",\"name\":\"Es presenten a Solsona les IV Jornades d'Arqueologia de la Catalunya Central - Museu de Solsona Dioces\u00e0 i Comarcal\",\"isPartOf\":{\"@id\":\"https:\/\/museusolsona.cat\/es\/#website\"},\"primaryImageOfPage\":{\"@id\":\"https:\/\/museusolsona.cat\/es\/es-presenten-a-solsona-les-iv-jornades-darqueologia-de-la-catalunya-central\/#primaryimage\"},\"image\":{\"@id\":\"https:\/\/museusolsona.cat\/es-presenten-a-solsona-les-iv-jornades-darqueologia-de-la-catalunya-central\/#primaryimage\"},\"thumbnailUrl\":\"https:\/\/museusolsona.cat\/wp-content\/uploads\/2016\/10\/PA040063-e1475680592217.jpg\",\"datePublished\":\"2016-10-05T15:18:56+00:00\",\"dateModified\":\"2016-10-05T15:21:37+00:00\",\"author\":{\"@id\":\"https:\/\/museusolsona.cat\/#\/schema\/person\/a0d48ab8c2cbe4d90ae310c0ab8f0dbc\"},\"inLanguage\":\"es\",\"potentialAction\":[{\"@type\":\"ReadAction\",\"target\":[[\"https:\/\/museusolsona.cat\/es\/es-presenten-a-solsona-les-iv-jornades-darqueologia-de-la-catalunya-central\/\"]]}]},{\"@type\":\"ImageObject\",\"inLanguage\":\"es\",\"@id\":\"https:\/\/museusolsona.cat\/es\/es-presenten-a-solsona-les-iv-jornades-darqueologia-de-la-catalunya-central\/#primaryimage\",\"url\":\"https:\/\/museusolsona.cat\/wp-content\/uploads\/2016\/10\/PA040063-e1475680592217.jpg\",\"contentUrl\":\"https:\/\/museusolsona.cat\/wp-content\/uploads\/2016\/10\/PA040063-e1475680592217.jpg\",\"width\":3112,\"height\":1088,\"caption\":\"OLYMPUS DIGITAL CAMERA\"},{\"@type\":\"WebSite\",\"@id\":\"https:\/\/museusolsona.cat\/es\/#website\",\"url\":\"https:\/\/museusolsona.cat\/es\/\",\"name\":\"Museu de Solsona Dioces\u00e0 i Comarcal\",\"description\":\"\",\"potentialAction\":[{\"@type\":\"SearchAction\",\"target\":{\"@type\":\"EntryPoint\",\"urlTemplate\":\"https:\/\/museusolsona.cat\/es\/?s={search_term_string}\"},\"query-input\":{\"@type\":\"PropertyValueSpecification\",\"valueRequired\":true,\"valueName\":\"search_term_string\"}}],\"inLanguage\":\"es\"},{\"@type\":\"Person\",\"@id\":\"https:\/\/museusolsona.cat\/#\/schema\/person\/a0d48ab8c2cbe4d90ae310c0ab8f0dbc\",\"name\":\"museusolsona\",\"image\":{\"@type\":\"ImageObject\",\"inLanguage\":\"es\",\"@id\":\"https:\/\/museusolsona.cat\/es\/#\/schema\/person\/image\/\",\"url\":\"https:\/\/secure.gravatar.com\/avatar\/c172e1b5bc293719685f2113189491f9fc7274aecb8b72d799b2d199408e3f9b?s=96&d=mm&r=g\",\"contentUrl\":\"https:\/\/secure.gravatar.com\/avatar\/c172e1b5bc293719685f2113189491f9fc7274aecb8b72d799b2d199408e3f9b?s=96&d=mm&r=g\",\"caption\":\"museusolsona\"},\"url\":\"https:\/\/museusolsona.cat\/es\/author\/museusolsona\/\"}]}<\/script>\n<!-- \/ Yoast SEO plugin. -->","yoast_head_json":{"title":"Es presenten a Solsona les IV Jornades d'Arqueologia de la Catalunya Central - Museu de Solsona Dioces\u00e0 i Comarcal","robots":{"index":"index","follow":"follow","max-snippet":"max-snippet:-1","max-image-preview":"max-image-preview:large","max-video-preview":"max-video-preview:-1"},"canonical":"https:\/\/museusolsona.cat\/es\/es-presenten-a-solsona-les-iv-jornades-darqueologia-de-la-catalunya-central\/","og_locale":"es_ES","og_type":"article","og_title":"Es presenten a Solsona les IV Jornades d'Arqueologia de la Catalunya Central - Museu de Solsona Dioces\u00e0 i Comarcal","og_description":"El dimarts 4 d&#8217;octubre, al Museu D. i C. de Solsona, va tenir lloc la presentaci\u00f3 de les IV Jornades d&#8217;Arqueologia de la Catalunya Central. [&hellip;]","og_url":"https:\/\/museusolsona.cat\/es\/es-presenten-a-solsona-les-iv-jornades-darqueologia-de-la-catalunya-central\/","og_site_name":"Museu de Solsona Dioces\u00e0 i Comarcal","article_published_time":"2016-10-05T15:18:56+00:00","article_modified_time":"2016-10-05T15:21:37+00:00","og_image":[{"width":3112,"height":1088,"url":"http:\/\/museusolsona.cat\/wp-content\/uploads\/2016\/10\/PA040063-e1475680592217.jpg","type":"image\/jpeg"}],"author":"museusolsona","twitter_misc":{"Escrito por":"museusolsona","Tiempo de lectura":"3 minutos"},"schema":{"@context":"https:\/\/schema.org","@graph":[{"@type":"WebPage","@id":"https:\/\/museusolsona.cat\/es\/es-presenten-a-solsona-les-iv-jornades-darqueologia-de-la-catalunya-central\/","url":"https:\/\/museusolsona.cat\/es\/es-presenten-a-solsona-les-iv-jornades-darqueologia-de-la-catalunya-central\/","name":"Es presenten a Solsona les IV Jornades d'Arqueologia de la Catalunya Central - Museu de Solsona Dioces\u00e0 i Comarcal","isPartOf":{"@id":"https:\/\/museusolsona.cat\/es\/#website"},"primaryImageOfPage":{"@id":"https:\/\/museusolsona.cat\/es\/es-presenten-a-solsona-les-iv-jornades-darqueologia-de-la-catalunya-central\/#primaryimage"},"image":{"@id":"https:\/\/museusolsona.cat\/es-presenten-a-solsona-les-iv-jornades-darqueologia-de-la-catalunya-central\/#primaryimage"},"thumbnailUrl":"https:\/\/museusolsona.cat\/wp-content\/uploads\/2016\/10\/PA040063-e1475680592217.jpg","datePublished":"2016-10-05T15:18:56+00:00","dateModified":"2016-10-05T15:21:37+00:00","author":{"@id":"https:\/\/museusolsona.cat\/#\/schema\/person\/a0d48ab8c2cbe4d90ae310c0ab8f0dbc"},"inLanguage":"es","potentialAction":[{"@type":"ReadAction","target":[["https:\/\/museusolsona.cat\/es\/es-presenten-a-solsona-les-iv-jornades-darqueologia-de-la-catalunya-central\/"]]}]},{"@type":"ImageObject","inLanguage":"es","@id":"https:\/\/museusolsona.cat\/es\/es-presenten-a-solsona-les-iv-jornades-darqueologia-de-la-catalunya-central\/#primaryimage","url":"https:\/\/museusolsona.cat\/wp-content\/uploads\/2016\/10\/PA040063-e1475680592217.jpg","contentUrl":"https:\/\/museusolsona.cat\/wp-content\/uploads\/2016\/10\/PA040063-e1475680592217.jpg","width":3112,"height":1088,"caption":"OLYMPUS DIGITAL CAMERA"},{"@type":"WebSite","@id":"https:\/\/museusolsona.cat\/es\/#website","url":"https:\/\/museusolsona.cat\/es\/","name":"Museu de Solsona Dioces\u00e0 i Comarcal","description":"","potentialAction":[{"@type":"SearchAction","target":{"@type":"EntryPoint","urlTemplate":"https:\/\/museusolsona.cat\/es\/?s={search_term_string}"},"query-input":{"@type":"PropertyValueSpecification","valueRequired":true,"valueName":"search_term_string"}}],"inLanguage":"es"},{"@type":"Person","@id":"https:\/\/museusolsona.cat\/#\/schema\/person\/a0d48ab8c2cbe4d90ae310c0ab8f0dbc","name":"museusolsona","image":{"@type":"ImageObject","inLanguage":"es","@id":"https:\/\/museusolsona.cat\/es\/#\/schema\/person\/image\/","url":"https:\/\/secure.gravatar.com\/avatar\/c172e1b5bc293719685f2113189491f9fc7274aecb8b72d799b2d199408e3f9b?s=96&d=mm&r=g","contentUrl":"https:\/\/secure.gravatar.com\/avatar\/c172e1b5bc293719685f2113189491f9fc7274aecb8b72d799b2d199408e3f9b?s=96&d=mm&r=g","caption":"museusolsona"},"url":"https:\/\/museusolsona.cat\/es\/author\/museusolsona\/"}]}},"_links":{"self":[{"href":"https:\/\/museusolsona.cat\/es\/wp-json\/wp\/v2\/posts\/2013","targetHints":{"allow":["GET"]}}],"collection":[{"href":"https:\/\/museusolsona.cat\/es\/wp-json\/wp\/v2\/posts"}],"about":[{"href":"https:\/\/museusolsona.cat\/es\/wp-json\/wp\/v2\/types\/post"}],"author":[{"embeddable":true,"href":"https:\/\/museusolsona.cat\/es\/wp-json\/wp\/v2\/users\/2"}],"replies":[{"embeddable":true,"href":"https:\/\/museusolsona.cat\/es\/wp-json\/wp\/v2\/comments?post=2013"}],"version-history":[{"count":6,"href":"https:\/\/museusolsona.cat\/es\/wp-json\/wp\/v2\/posts\/2013\/revisions"}],"predecessor-version":[{"id":2022,"href":"https:\/\/museusolsona.cat\/es\/wp-json\/wp\/v2\/posts\/2013\/revisions\/2022"}],"wp:featuredmedia":[{"embeddable":true,"href":"https:\/\/museusolsona.cat\/es\/wp-json\/wp\/v2\/media\/2017"}],"wp:attachment":[{"href":"https:\/\/museusolsona.cat\/es\/wp-json\/wp\/v2\/media?parent=2013"}],"wp:term":[{"taxonomy":"category","embeddable":true,"href":"https:\/\/museusolsona.cat\/es\/wp-json\/wp\/v2\/categories?post=2013"},{"taxonomy":"post_tag","embeddable":true,"href":"https:\/\/museusolsona.cat\/es\/wp-json\/wp\/v2\/tags?post=2013"}],"curies":[{"name":"wp","href":"https:\/\/api.w.org\/{rel}","templated":true}]}}