{"id":2028,"date":"2016-10-24T10:21:44","date_gmt":"2016-10-24T10:21:44","guid":{"rendered":"https:\/\/museusolsona.cat\/?p=2028"},"modified":"2016-10-24T10:21:44","modified_gmt":"2016-10-24T10:21:44","slug":"exit-dassistencia-i-seguiment-a-les-iv-jornades-darqueologia-de-la-catalunya-central","status":"publish","type":"post","link":"https:\/\/museusolsona.cat\/es\/exit-dassistencia-i-seguiment-a-les-iv-jornades-darqueologia-de-la-catalunya-central\/","title":{"rendered":"\u00c8xit d&#8217;assist\u00e8ncia i seguiment a les IV Jornades d&#8217;Arqueologia de la Catalunya Central"},"content":{"rendered":"<p>Entre els dies 14 i 15 d\u2019octubre de 2016 s\u2019han dut a terme les<em> IV Jornades d\u2019Arqueologia de la Catalunya Central<\/em>, coorganitzades pel Departament de Cultura de la Generalitat de Catalunya i el Museu Dioces\u00e0 i Comarcal de Solsona.<\/p>\n<p>L\u2019acte inaugural va contar amb la pres\u00e8ncia de la directora dels Serveis Territorials a la Catalunya Central del Departament de Cultura, Sra. M. \u00c0ngels Blasco; l\u2019Il\u00b7lm. alcalde de Solsona, Sr. David Rodr\u00edguez; el director del Museu Dioces\u00e0 i Comarcal de Solsona, Mn. Llu\u00eds Prat; el director t\u00e8cnic del Museu Dioces\u00e0 i Comarcal de Solsona, Sr. Jaume Bernades; la cap del Servei d\u2019Arqueologia i Paleontologia del Departament de Cultura, M. Teresa Mir\u00f3 i l\u2019arque\u00f2leg territorial del Departament de Cultura de la Catalunya Central, Sr. Antoni Caball\u00e9.<\/p>\n<p>L\u2019esdeveniment ha estat un \u00e8xit amb una participaci\u00f3 de 192 inscrits que han pogut con\u00e8ixer <em>-mitjan\u00e7ant 3 pon\u00e8ncies, 23 comunicacions<\/em> <em>i 11 p\u00f2sters-<\/em> els resultats de les intervencions arqueol\u00f2giques i paleontol\u00f2giques m\u00e9s rellevants portades a terme a les comarques de l\u2019Anoia, el Bages, el Bergued\u00e0, el Moian\u00e8s, Osona i el Solson\u00e8s durant els anys 2014 i 2015. Aix\u00ed doncs, les sessions de treball han comptat amb un ampli seguiment.<\/p>\n<p>Enguany les Jornades, tamb\u00e9, volen ser un reconeixement a la tasca del Grup de Prehist\u00f2ria del Solson\u00e8s (GPS), el Centre d\u2019Estudis Lacetans (CEL), que celebra els seu 20\u00e8 aniversari, i el Servei d\u2019Arqueologia Municipal de l\u2019Ajuntament de Solsona (SAMAS), que, al costat del Museu Dioces\u00e0 i Comarcal de Solsona, s\u00f3n les entitats vertebradores de la investigaci\u00f3, preservaci\u00f3 i difusi\u00f3 arqueol\u00f2gica al Solson\u00e8s.<\/p>\n<p>\u00c9s per aix\u00f2, que les Jornades s\u2019han desenvolupen en varis blocs.<\/p>\n<p>El dia 14 les sessions es van dedicar integralment a un monogr\u00e0fic dedicat a la recerca arqueol\u00f2gica portada a terme durant els darrers anys en el Solson\u00e8s i el seu entorn. Es van fer tres pon\u00e8ncies per part de cadascuna de les entitats homenatjades, comunicacions relacionades amb cadascuna d\u2019elles i els debats corresponents que abastaren des de la prehist\u00f2ria fins a l\u2019\u00e8poca medieval-moderna.<\/p>\n<p><strong>El dia 15 presentaren les comunicacions de les intervencions arqueol\u00f2giques m\u00e9s rellevants, de les 140 portades a terme durant el per\u00edode 2014-2015 a les comarques de la Catalunya Central de l\u2019Anoia, el Bages, el Bergued\u00e0, el Moian\u00e8s, Osona i el Solson\u00e8s. Aix\u00ed mateix es donaren a con\u00e8ixer algunes de les \u00faltimes novetats en relaci\u00f3 a les troballes del 2016 de la Cista del Camp de la Bruna del neol\u00edtic mitj\u00e0 (Lladurs, Solson\u00e8s); el nen neandertal de la Cova de les Teixoneres (Moi\u00e0, Moian\u00e8s), les restes romano republicanes del Camp de Futbol de Cardona (Bages) o tardo romanes i alt medievals de Sant Pere de Casserres ( Bergued\u00e0).<\/strong><\/p>\n<p><strong>\u00a0<\/strong>Les Jornades es van tancar dissabte a la tarda amb una visita oberta al p\u00fablic i comentada al jaciment de Sant Esteve d\u2019Olius i el seu cementiri, el qual recentment ha celebrat el seu centenari. La visita guiada va ser feta per part de l\u2019equip de la Secci\u00f3 d\u2019Arqueologia del Centre d\u2019Estudis Lacetans.<\/p>\n<p>Durant els dos dies, tamb\u00e9 es va oferir l\u2019oportunitat de con\u00e8ixer el nucli antic de Solsona: el pou de gel, la Casa Morat\u00f3, la Catedral, el Palau Episcopal,&#8230;<\/p>\n<p>Les diverses pon\u00e8ncies i comunicacions es van dur a terme a la Sala dels Sants M\u00e0rtirs del Palau Episcopal de Solsona i, el dia 14 a la tarda, al Sal\u00f3 de les Homilies d\u2019Organy\u00e0 de la Biblioteca Carles Morat\u00f3 de Solsona. Agra\u00efm la cessi\u00f3 dels espais al Bisbat de Solsona i a l\u2019Ajuntament respectivament.<\/p>\n<p>En aquesta quarta edici\u00f3 de les Jornades s\u2019ha incorporat, com a novetat, que els investigadors poguessin presentar mitjan\u00e7ant p\u00f2sters, els resultats d\u2019altres treballs o estudis arqueol\u00f2gics de la Catalunya Central, fets recentment o en curs, m\u00e9s enll\u00e0 del que seria el treball de camp subjecte a una autoritzaci\u00f3 arqueol\u00f2gica (an\u00e0lisi materials, treballs pluridisciplinaris, estudis de territori, recerca experimental , etc.).<\/p>\n<p>La qualitat cient\u00edfica de les pon\u00e8ncies i comunicacions, aix\u00ed com la posada en com\u00fa de coneixements i experi\u00e8ncies entre professionals de l\u2019arqueologia, estudiants i gent interessada en aquesta mat\u00e8ria, ha perm\u00e8s fer nous aven\u00e7os en la recerca arqueol\u00f2gica del pa\u00eds. Les Jornades han servit doncs, com a punt de trobada per als investigadors i professionals del sector i, tamb\u00e9 han donat a con\u00e8ixer i difondre el patrimoni a nivell general, amb una aposta clara per fer visible els arque\u00f2legs que treballen pel patrimoni que \u00e9s un b\u00e9 de tothom.<\/p>\n<p>Totes les pon\u00e8ncies, comunicacions, p\u00f2ster i els resums de la resta d\u2019intervencions<strong>, se\u2019n podr\u00e0 tenir informaci\u00f3 a les Actes corresponents que seran publicades, com d\u2019altres anys, pel Departament de Cultura en format digital i penjades el dip\u00f2sit digital El CALAIX ( http:\/ calaix.gencat.cat) del mateix Departament.<\/strong><\/p>\n<p><img loading=\"lazy\" decoding=\"async\" class=\"alignnone wp-image-2029 size-large\" src=\"https:\/\/museusolsona.cat\/wp-content\/uploads\/2016\/10\/foto-1-1024x768.jpg\" alt=\"OLYMPUS DIGITAL CAMERA\" width=\"1024\" height=\"768\" srcset=\"https:\/\/museusolsona.cat\/wp-content\/uploads\/2016\/10\/foto-1-1024x768.jpg 1024w, https:\/\/museusolsona.cat\/wp-content\/uploads\/2016\/10\/foto-1-300x225.jpg 300w\" sizes=\"auto, (max-width: 1024px) 100vw, 1024px\" \/><\/p>\n<p><img loading=\"lazy\" decoding=\"async\" class=\"alignnone wp-image-2036 size-large\" src=\"https:\/\/museusolsona.cat\/wp-content\/uploads\/2016\/10\/IMG_8516-1024x619.jpg\" alt=\"img_8516\" width=\"1024\" height=\"619\" srcset=\"https:\/\/museusolsona.cat\/wp-content\/uploads\/2016\/10\/IMG_8516-1024x619.jpg 1024w, https:\/\/museusolsona.cat\/wp-content\/uploads\/2016\/10\/IMG_8516-300x181.jpg 300w\" sizes=\"auto, (max-width: 1024px) 100vw, 1024px\" \/><\/p>\n<p><img loading=\"lazy\" decoding=\"async\" class=\"wp-image-2031 size-large\" src=\"https:\/\/museusolsona.cat\/wp-content\/uploads\/2016\/10\/foto-3-1024x768.jpg\" alt=\"OLYMPUS DIGITAL CAMERA\" width=\"1024\" height=\"768\" srcset=\"https:\/\/museusolsona.cat\/wp-content\/uploads\/2016\/10\/foto-3-1024x768.jpg 1024w, https:\/\/museusolsona.cat\/wp-content\/uploads\/2016\/10\/foto-3-300x225.jpg 300w\" sizes=\"auto, (max-width: 1024px) 100vw, 1024px\" \/><\/p>\n<p><img loading=\"lazy\" decoding=\"async\" class=\"wp-image-2033 size-large\" src=\"https:\/\/museusolsona.cat\/wp-content\/uploads\/2016\/10\/foto-5-1024x768.jpg\" alt=\"OLYMPUS DIGITAL CAMERA\" width=\"1024\" height=\"768\" srcset=\"https:\/\/museusolsona.cat\/wp-content\/uploads\/2016\/10\/foto-5-1024x768.jpg 1024w, https:\/\/museusolsona.cat\/wp-content\/uploads\/2016\/10\/foto-5-300x225.jpg 300w\" sizes=\"auto, (max-width: 1024px) 100vw, 1024px\" \/><\/p>\n","protected":false},"excerpt":{"rendered":"<p>Entre els dies 14 i 15 d\u2019octubre de 2016 s\u2019han dut a terme les IV Jornades d\u2019Arqueologia de la Catalunya Central, coorganitzades pel Departament de [&hellip;]<\/p>\n","protected":false},"author":2,"featured_media":1844,"comment_status":"open","ping_status":"open","sticky":false,"template":"","format":"standard","meta":{"_acf_changed":false,"_monsterinsights_skip_tracking":false,"_monsterinsights_sitenote_active":false,"_monsterinsights_sitenote_note":"","_monsterinsights_sitenote_category":0,"footnotes":""},"categories":[1],"tags":[],"class_list":["post-2028","post","type-post","status-publish","format-standard","has-post-thumbnail","hentry","category-general"],"acf":[],"yoast_head":"<!-- This site is optimized with the Yoast SEO plugin v25.5 - https:\/\/yoast.com\/wordpress\/plugins\/seo\/ -->\n<title>\u00c8xit d&#039;assist\u00e8ncia i seguiment a les IV Jornades d&#039;Arqueologia de la Catalunya Central - Museu de Solsona Dioces\u00e0 i Comarcal<\/title>\n<meta name=\"robots\" content=\"index, follow, max-snippet:-1, max-image-preview:large, max-video-preview:-1\" \/>\n<link rel=\"canonical\" href=\"https:\/\/museusolsona.cat\/es\/exit-dassistencia-i-seguiment-a-les-iv-jornades-darqueologia-de-la-catalunya-central\/\" \/>\n<meta property=\"og:locale\" content=\"es_ES\" \/>\n<meta property=\"og:type\" content=\"article\" \/>\n<meta property=\"og:title\" content=\"\u00c8xit d&#039;assist\u00e8ncia i seguiment a les IV Jornades d&#039;Arqueologia de la Catalunya Central - Museu de Solsona Dioces\u00e0 i Comarcal\" \/>\n<meta property=\"og:description\" content=\"Entre els dies 14 i 15 d\u2019octubre de 2016 s\u2019han dut a terme les IV Jornades d\u2019Arqueologia de la Catalunya Central, coorganitzades pel Departament de [&hellip;]\" \/>\n<meta property=\"og:url\" content=\"https:\/\/museusolsona.cat\/es\/exit-dassistencia-i-seguiment-a-les-iv-jornades-darqueologia-de-la-catalunya-central\/\" \/>\n<meta property=\"og:site_name\" content=\"Museu de Solsona Dioces\u00e0 i Comarcal\" \/>\n<meta property=\"article:published_time\" content=\"2016-10-24T10:21:44+00:00\" \/>\n<meta property=\"og:image\" content=\"http:\/\/museusolsona.cat\/wp-content\/uploads\/2016\/07\/jacc-web.jpg\" \/>\n\t<meta property=\"og:image:width\" content=\"900\" \/>\n\t<meta property=\"og:image:height\" content=\"300\" \/>\n\t<meta property=\"og:image:type\" content=\"image\/jpeg\" \/>\n<meta name=\"author\" content=\"museusolsona\" \/>\n<meta name=\"twitter:label1\" content=\"Escrito por\" \/>\n\t<meta name=\"twitter:data1\" content=\"museusolsona\" \/>\n\t<meta name=\"twitter:label2\" content=\"Tiempo de lectura\" \/>\n\t<meta name=\"twitter:data2\" content=\"4 minutos\" \/>\n<script type=\"application\/ld+json\" class=\"yoast-schema-graph\">{\"@context\":\"https:\/\/schema.org\",\"@graph\":[{\"@type\":\"WebPage\",\"@id\":\"https:\/\/museusolsona.cat\/es\/exit-dassistencia-i-seguiment-a-les-iv-jornades-darqueologia-de-la-catalunya-central\/\",\"url\":\"https:\/\/museusolsona.cat\/es\/exit-dassistencia-i-seguiment-a-les-iv-jornades-darqueologia-de-la-catalunya-central\/\",\"name\":\"\u00c8xit d'assist\u00e8ncia i seguiment a les IV Jornades d'Arqueologia de la Catalunya Central - Museu de Solsona Dioces\u00e0 i Comarcal\",\"isPartOf\":{\"@id\":\"https:\/\/museusolsona.cat\/es\/#website\"},\"primaryImageOfPage\":{\"@id\":\"https:\/\/museusolsona.cat\/es\/exit-dassistencia-i-seguiment-a-les-iv-jornades-darqueologia-de-la-catalunya-central\/#primaryimage\"},\"image\":{\"@id\":\"https:\/\/museusolsona.cat\/exit-dassistencia-i-seguiment-a-les-iv-jornades-darqueologia-de-la-catalunya-central\/#primaryimage\"},\"thumbnailUrl\":\"https:\/\/museusolsona.cat\/wp-content\/uploads\/2016\/07\/jacc-web.jpg\",\"datePublished\":\"2016-10-24T10:21:44+00:00\",\"author\":{\"@id\":\"https:\/\/museusolsona.cat\/#\/schema\/person\/a0d48ab8c2cbe4d90ae310c0ab8f0dbc\"},\"inLanguage\":\"es\",\"potentialAction\":[{\"@type\":\"ReadAction\",\"target\":[[\"https:\/\/museusolsona.cat\/es\/exit-dassistencia-i-seguiment-a-les-iv-jornades-darqueologia-de-la-catalunya-central\/\"]]}]},{\"@type\":\"ImageObject\",\"inLanguage\":\"es\",\"@id\":\"https:\/\/museusolsona.cat\/es\/exit-dassistencia-i-seguiment-a-les-iv-jornades-darqueologia-de-la-catalunya-central\/#primaryimage\",\"url\":\"https:\/\/museusolsona.cat\/wp-content\/uploads\/2016\/07\/jacc-web.jpg\",\"contentUrl\":\"https:\/\/museusolsona.cat\/wp-content\/uploads\/2016\/07\/jacc-web.jpg\",\"width\":900,\"height\":300},{\"@type\":\"WebSite\",\"@id\":\"https:\/\/museusolsona.cat\/es\/#website\",\"url\":\"https:\/\/museusolsona.cat\/es\/\",\"name\":\"Museu de Solsona Dioces\u00e0 i Comarcal\",\"description\":\"\",\"potentialAction\":[{\"@type\":\"SearchAction\",\"target\":{\"@type\":\"EntryPoint\",\"urlTemplate\":\"https:\/\/museusolsona.cat\/es\/?s={search_term_string}\"},\"query-input\":{\"@type\":\"PropertyValueSpecification\",\"valueRequired\":true,\"valueName\":\"search_term_string\"}}],\"inLanguage\":\"es\"},{\"@type\":\"Person\",\"@id\":\"https:\/\/museusolsona.cat\/#\/schema\/person\/a0d48ab8c2cbe4d90ae310c0ab8f0dbc\",\"name\":\"museusolsona\",\"image\":{\"@type\":\"ImageObject\",\"inLanguage\":\"es\",\"@id\":\"https:\/\/museusolsona.cat\/es\/#\/schema\/person\/image\/\",\"url\":\"https:\/\/secure.gravatar.com\/avatar\/c172e1b5bc293719685f2113189491f9fc7274aecb8b72d799b2d199408e3f9b?s=96&d=mm&r=g\",\"contentUrl\":\"https:\/\/secure.gravatar.com\/avatar\/c172e1b5bc293719685f2113189491f9fc7274aecb8b72d799b2d199408e3f9b?s=96&d=mm&r=g\",\"caption\":\"museusolsona\"},\"url\":\"https:\/\/museusolsona.cat\/es\/author\/museusolsona\/\"}]}<\/script>\n<!-- \/ Yoast SEO plugin. -->","yoast_head_json":{"title":"\u00c8xit d'assist\u00e8ncia i seguiment a les IV Jornades d'Arqueologia de la Catalunya Central - Museu de Solsona Dioces\u00e0 i Comarcal","robots":{"index":"index","follow":"follow","max-snippet":"max-snippet:-1","max-image-preview":"max-image-preview:large","max-video-preview":"max-video-preview:-1"},"canonical":"https:\/\/museusolsona.cat\/es\/exit-dassistencia-i-seguiment-a-les-iv-jornades-darqueologia-de-la-catalunya-central\/","og_locale":"es_ES","og_type":"article","og_title":"\u00c8xit d'assist\u00e8ncia i seguiment a les IV Jornades d'Arqueologia de la Catalunya Central - Museu de Solsona Dioces\u00e0 i Comarcal","og_description":"Entre els dies 14 i 15 d\u2019octubre de 2016 s\u2019han dut a terme les IV Jornades d\u2019Arqueologia de la Catalunya Central, coorganitzades pel Departament de [&hellip;]","og_url":"https:\/\/museusolsona.cat\/es\/exit-dassistencia-i-seguiment-a-les-iv-jornades-darqueologia-de-la-catalunya-central\/","og_site_name":"Museu de Solsona Dioces\u00e0 i Comarcal","article_published_time":"2016-10-24T10:21:44+00:00","og_image":[{"width":900,"height":300,"url":"http:\/\/museusolsona.cat\/wp-content\/uploads\/2016\/07\/jacc-web.jpg","type":"image\/jpeg"}],"author":"museusolsona","twitter_misc":{"Escrito por":"museusolsona","Tiempo de lectura":"4 minutos"},"schema":{"@context":"https:\/\/schema.org","@graph":[{"@type":"WebPage","@id":"https:\/\/museusolsona.cat\/es\/exit-dassistencia-i-seguiment-a-les-iv-jornades-darqueologia-de-la-catalunya-central\/","url":"https:\/\/museusolsona.cat\/es\/exit-dassistencia-i-seguiment-a-les-iv-jornades-darqueologia-de-la-catalunya-central\/","name":"\u00c8xit d'assist\u00e8ncia i seguiment a les IV Jornades d'Arqueologia de la Catalunya Central - Museu de Solsona Dioces\u00e0 i Comarcal","isPartOf":{"@id":"https:\/\/museusolsona.cat\/es\/#website"},"primaryImageOfPage":{"@id":"https:\/\/museusolsona.cat\/es\/exit-dassistencia-i-seguiment-a-les-iv-jornades-darqueologia-de-la-catalunya-central\/#primaryimage"},"image":{"@id":"https:\/\/museusolsona.cat\/exit-dassistencia-i-seguiment-a-les-iv-jornades-darqueologia-de-la-catalunya-central\/#primaryimage"},"thumbnailUrl":"https:\/\/museusolsona.cat\/wp-content\/uploads\/2016\/07\/jacc-web.jpg","datePublished":"2016-10-24T10:21:44+00:00","author":{"@id":"https:\/\/museusolsona.cat\/#\/schema\/person\/a0d48ab8c2cbe4d90ae310c0ab8f0dbc"},"inLanguage":"es","potentialAction":[{"@type":"ReadAction","target":[["https:\/\/museusolsona.cat\/es\/exit-dassistencia-i-seguiment-a-les-iv-jornades-darqueologia-de-la-catalunya-central\/"]]}]},{"@type":"ImageObject","inLanguage":"es","@id":"https:\/\/museusolsona.cat\/es\/exit-dassistencia-i-seguiment-a-les-iv-jornades-darqueologia-de-la-catalunya-central\/#primaryimage","url":"https:\/\/museusolsona.cat\/wp-content\/uploads\/2016\/07\/jacc-web.jpg","contentUrl":"https:\/\/museusolsona.cat\/wp-content\/uploads\/2016\/07\/jacc-web.jpg","width":900,"height":300},{"@type":"WebSite","@id":"https:\/\/museusolsona.cat\/es\/#website","url":"https:\/\/museusolsona.cat\/es\/","name":"Museu de Solsona Dioces\u00e0 i Comarcal","description":"","potentialAction":[{"@type":"SearchAction","target":{"@type":"EntryPoint","urlTemplate":"https:\/\/museusolsona.cat\/es\/?s={search_term_string}"},"query-input":{"@type":"PropertyValueSpecification","valueRequired":true,"valueName":"search_term_string"}}],"inLanguage":"es"},{"@type":"Person","@id":"https:\/\/museusolsona.cat\/#\/schema\/person\/a0d48ab8c2cbe4d90ae310c0ab8f0dbc","name":"museusolsona","image":{"@type":"ImageObject","inLanguage":"es","@id":"https:\/\/museusolsona.cat\/es\/#\/schema\/person\/image\/","url":"https:\/\/secure.gravatar.com\/avatar\/c172e1b5bc293719685f2113189491f9fc7274aecb8b72d799b2d199408e3f9b?s=96&d=mm&r=g","contentUrl":"https:\/\/secure.gravatar.com\/avatar\/c172e1b5bc293719685f2113189491f9fc7274aecb8b72d799b2d199408e3f9b?s=96&d=mm&r=g","caption":"museusolsona"},"url":"https:\/\/museusolsona.cat\/es\/author\/museusolsona\/"}]}},"_links":{"self":[{"href":"https:\/\/museusolsona.cat\/es\/wp-json\/wp\/v2\/posts\/2028","targetHints":{"allow":["GET"]}}],"collection":[{"href":"https:\/\/museusolsona.cat\/es\/wp-json\/wp\/v2\/posts"}],"about":[{"href":"https:\/\/museusolsona.cat\/es\/wp-json\/wp\/v2\/types\/post"}],"author":[{"embeddable":true,"href":"https:\/\/museusolsona.cat\/es\/wp-json\/wp\/v2\/users\/2"}],"replies":[{"embeddable":true,"href":"https:\/\/museusolsona.cat\/es\/wp-json\/wp\/v2\/comments?post=2028"}],"version-history":[{"count":1,"href":"https:\/\/museusolsona.cat\/es\/wp-json\/wp\/v2\/posts\/2028\/revisions"}],"predecessor-version":[{"id":2037,"href":"https:\/\/museusolsona.cat\/es\/wp-json\/wp\/v2\/posts\/2028\/revisions\/2037"}],"wp:featuredmedia":[{"embeddable":true,"href":"https:\/\/museusolsona.cat\/es\/wp-json\/wp\/v2\/media\/1844"}],"wp:attachment":[{"href":"https:\/\/museusolsona.cat\/es\/wp-json\/wp\/v2\/media?parent=2028"}],"wp:term":[{"taxonomy":"category","embeddable":true,"href":"https:\/\/museusolsona.cat\/es\/wp-json\/wp\/v2\/categories?post=2028"},{"taxonomy":"post_tag","embeddable":true,"href":"https:\/\/museusolsona.cat\/es\/wp-json\/wp\/v2\/tags?post=2028"}],"curies":[{"name":"wp","href":"https:\/\/api.w.org\/{rel}","templated":true}]}}