{"id":2210,"date":"2017-04-20T13:15:58","date_gmt":"2017-04-20T13:15:58","guid":{"rendered":"https:\/\/museusolsona.cat\/?p=2210"},"modified":"2017-04-20T15:03:00","modified_gmt":"2017-04-20T15:03:00","slug":"2n-concurs-fotografic-museu-d-c-solsona-instagram","status":"publish","type":"post","link":"https:\/\/museusolsona.cat\/es\/2n-concurs-fotografic-museu-d-c-solsona-instagram\/","title":{"rendered":"2n CONCURS FOTOGR\u00c0FIC DEL MUSEU D. I C. DE SOLSONA A INSTAGRAM"},"content":{"rendered":"<p>#museusolsona \u00a0 \u00a0 \u00a0 #bestiari \u00a0 \u00a0 \u00a0 \u00a0 #pericopastor<\/p>\n<p>Bases del <strong>2n CONCURS FOTOGR\u00c0FIC DEL MUSEU DIOCES\u00c0 I COMARCAL DE SOLSONA A INSTAGRAM<\/strong><\/p>\n<p>Amb motiu de l\u2019exposici\u00f3 <u>\u201cBestiari\u201d de Perico Pastor i Xavier Bell\u00e9s<\/u> veniu al museu i participeu en el nostre segon concurs en aquesta xarxa social.<\/p>\n<p>Es tracta de visitar l\u2019exposici\u00f3 \u201cBestiari\u201d, localitzar en l\u2019exposici\u00f3 permanent del museu els animals que hi hagi \u00a0i fotografiar-los. Caldr\u00e0 posar-hi les etiquetes #museusolsona, #bestiari, \u00a0#pericopastor i penjar-les a Instagram.<\/p>\n<p>El premi ser\u00e0 la col\u00b7lecci\u00f3 de punts de llibre del museu aix\u00ed com tres publicacions a escollir pel guanyador.<\/p>\n<p>BASES DEL CONCURS<\/p>\n<ol>\n<li>Per participar al concurs del Museu D. i C. a Instagram cal que hi publiqueu les vostres fotos amb les etiquetes (hashtags) #museusolsona, #bestiari, #pericopastor entre els dies 21 i 30 d\u2019abril de 2017, dates d&#8217;inici i de finalitzaci\u00f3 del concurs, respectivament.<\/li>\n<li>Un requisit per prendre-hi part \u00e9s que us feu seguidors\/es de @museusolsona a Instagram, que correspon al perfil oficial del Museu Dioces\u00e0 i Comarcal de Solsona.<\/li>\n<li>El concurs est\u00e0 obert a qualsevol persona major de 16 anys.<\/li>\n<li>Cada concursant publicar\u00e0 tantes fotografies com desitgi a trav\u00e9s del seu compte personal, sempre que corresponguin al Museu Dioces\u00e0 i Comarcal de Solsona, que s\u2019identifiquin amb les etiquetes indicades i que el perfil de l\u2019usuari sigui p\u00fablic.<\/li>\n<li>Els participants reconeixen que les fotos corresponen al Museu Dioces\u00e0 i Comarcal de Solsona i que s\u00f3n obres originals sense drets de terceres persones.<\/li>\n<li>Es poden utilitzar qualsevol dels filtres d\u2019Instagram o d\u2019altres aplicacions.<\/li>\n<li>El jurat ser\u00e0 designat pel Museu Dioces\u00e0 i Comarcal de Solsona. La foto guanyadora s\u2019escollir\u00e0 d\u2019entre les cinc fotografies que hagin tingut m\u00e9s <em>likes<\/em>. Es tindr\u00e0 en compte el valor art\u00edstic i identificatiu de les fotografies.<\/li>\n<li>El 5 de maig es far\u00e0 publica la foto guanyadora a trav\u00e9s del perfil de Facebook i Instagram del Museu D. i C. de Solsona. L\u2019autor\/a de la foto guanyadora haur\u00e0 de facilitar la foto original via correu electr\u00f2nic, una vegada se l\u2019hagi notificat.<\/li>\n<li>Un cop notificat el nom de la persona guanyadora, aquesta haur\u00e0 de facilitar al museu les seves dades personals i de contacte per tal que li sigui lliurat el premi.<\/li>\n<li>Si despr\u00e9s de set dies de la publicaci\u00f3 del seu nom, l\u2019instagramer guanyador\/a no ha reclamat el seu premi, el jurat decidir\u00e0 un nou guanyador i l&#8217;organitzaci\u00f3 quedar\u00e0 eximida de cap responsabilitat respecte del primer.<\/li>\n<li>Les persones participants cedeixen els drets d&#8217;imatge de les fotografies presentades a concurs al Museu Dioces\u00e0 i Comarcal de Solsona, per a qu\u00e8 puguin ser utilitzades per a promocionar el museu i per a publicar-les a la corresponent web i xarxes socials. Se\u2019n reconeixer\u00e0 l\u2019autor\/a, amb la identificaci\u00f3 del seu nom a cada imatge, a no ser que es demani expressament que no hi figuri. En el cas que guanyi un\/a menor d\u2019edat, el pare\/mare o tutor\/a n\u2019autoritzar\u00e0 els drets per a utilitzar-les i fer-ne difusi\u00f3.<\/li>\n<li>Els organitzadors del concurs es reserven el dret de desqualificar aquelles fotografies que puguin ser considerades ofensives o inoportunes segons el seu propi criteri.<\/li>\n<li>El premi ser\u00e0 la col\u00b7lecci\u00f3 de punts de llibre del museu aix\u00ed com tres publicacions a escollir pel guanyador.<\/li>\n<li>Participar al concurs suposa l&#8217;acceptaci\u00f3 total d&#8217;aquestes bases i tamb\u00e9 l&#8217;acceptaci\u00f3 de la normativa d&#8217;\u00fas d&#8217;Instagram.<\/li>\n<\/ol>\n","protected":false},"excerpt":{"rendered":"<p>#museusolsona \u00a0 \u00a0 \u00a0 #bestiari \u00a0 \u00a0 \u00a0 \u00a0 #pericopastor Bases del 2n CONCURS FOTOGR\u00c0FIC DEL MUSEU DIOCES\u00c0 I COMARCAL DE SOLSONA A INSTAGRAM Amb [&hellip;]<\/p>\n","protected":false},"author":2,"featured_media":1590,"comment_status":"open","ping_status":"open","sticky":false,"template":"","format":"standard","meta":{"_acf_changed":false,"_monsterinsights_skip_tracking":false,"_monsterinsights_sitenote_active":false,"_monsterinsights_sitenote_note":"","_monsterinsights_sitenote_category":0,"footnotes":""},"categories":[1],"tags":[],"class_list":["post-2210","post","type-post","status-publish","format-standard","has-post-thumbnail","hentry","category-general"],"acf":[],"yoast_head":"<!-- This site is optimized with the Yoast SEO plugin v25.5 - https:\/\/yoast.com\/wordpress\/plugins\/seo\/ -->\n<title>2n CONCURS FOTOGR\u00c0FIC DEL MUSEU D. I C. DE SOLSONA A INSTAGRAM - Museu de Solsona Dioces\u00e0 i Comarcal<\/title>\n<meta name=\"robots\" content=\"index, follow, max-snippet:-1, max-image-preview:large, max-video-preview:-1\" \/>\n<link rel=\"canonical\" href=\"https:\/\/museusolsona.cat\/es\/2n-concurs-fotografic-museu-d-c-solsona-instagram\/\" \/>\n<meta property=\"og:locale\" content=\"es_ES\" \/>\n<meta property=\"og:type\" content=\"article\" \/>\n<meta property=\"og:title\" content=\"2n CONCURS FOTOGR\u00c0FIC DEL MUSEU D. I C. DE SOLSONA A INSTAGRAM - Museu de Solsona Dioces\u00e0 i Comarcal\" \/>\n<meta property=\"og:description\" content=\"#museusolsona \u00a0 \u00a0 \u00a0 #bestiari \u00a0 \u00a0 \u00a0 \u00a0 #pericopastor Bases del 2n CONCURS FOTOGR\u00c0FIC DEL MUSEU DIOCES\u00c0 I COMARCAL DE SOLSONA A INSTAGRAM Amb [&hellip;]\" \/>\n<meta property=\"og:url\" content=\"https:\/\/museusolsona.cat\/es\/2n-concurs-fotografic-museu-d-c-solsona-instagram\/\" \/>\n<meta property=\"og:site_name\" content=\"Museu de Solsona Dioces\u00e0 i Comarcal\" \/>\n<meta property=\"article:published_time\" content=\"2017-04-20T13:15:58+00:00\" \/>\n<meta property=\"article:modified_time\" content=\"2017-04-20T15:03:00+00:00\" \/>\n<meta property=\"og:image\" content=\"http:\/\/museusolsona.cat\/wp-content\/uploads\/2016\/05\/Instagram-1.png\" \/>\n\t<meta property=\"og:image:width\" content=\"1055\" \/>\n\t<meta property=\"og:image:height\" content=\"490\" \/>\n\t<meta property=\"og:image:type\" content=\"image\/png\" \/>\n<meta name=\"author\" content=\"museusolsona\" \/>\n<meta name=\"twitter:label1\" content=\"Escrito por\" \/>\n\t<meta name=\"twitter:data1\" content=\"museusolsona\" \/>\n\t<meta name=\"twitter:label2\" content=\"Tiempo de lectura\" \/>\n\t<meta name=\"twitter:data2\" content=\"3 minutos\" \/>\n<script type=\"application\/ld+json\" class=\"yoast-schema-graph\">{\"@context\":\"https:\/\/schema.org\",\"@graph\":[{\"@type\":\"WebPage\",\"@id\":\"https:\/\/museusolsona.cat\/es\/2n-concurs-fotografic-museu-d-c-solsona-instagram\/\",\"url\":\"https:\/\/museusolsona.cat\/es\/2n-concurs-fotografic-museu-d-c-solsona-instagram\/\",\"name\":\"2n CONCURS FOTOGR\u00c0FIC DEL MUSEU D. I C. DE SOLSONA A INSTAGRAM - Museu de Solsona Dioces\u00e0 i Comarcal\",\"isPartOf\":{\"@id\":\"https:\/\/museusolsona.cat\/es\/#website\"},\"primaryImageOfPage\":{\"@id\":\"https:\/\/museusolsona.cat\/es\/2n-concurs-fotografic-museu-d-c-solsona-instagram\/#primaryimage\"},\"image\":{\"@id\":\"https:\/\/museusolsona.cat\/2n-concurs-fotografic-museu-d-c-solsona-instagram\/#primaryimage\"},\"thumbnailUrl\":\"https:\/\/museusolsona.cat\/wp-content\/uploads\/2016\/05\/Instagram-1.png\",\"datePublished\":\"2017-04-20T13:15:58+00:00\",\"dateModified\":\"2017-04-20T15:03:00+00:00\",\"author\":{\"@id\":\"https:\/\/museusolsona.cat\/#\/schema\/person\/a0d48ab8c2cbe4d90ae310c0ab8f0dbc\"},\"inLanguage\":\"es\",\"potentialAction\":[{\"@type\":\"ReadAction\",\"target\":[[\"https:\/\/museusolsona.cat\/es\/2n-concurs-fotografic-museu-d-c-solsona-instagram\/\"]]}]},{\"@type\":\"ImageObject\",\"inLanguage\":\"es\",\"@id\":\"https:\/\/museusolsona.cat\/es\/2n-concurs-fotografic-museu-d-c-solsona-instagram\/#primaryimage\",\"url\":\"https:\/\/museusolsona.cat\/wp-content\/uploads\/2016\/05\/Instagram-1.png\",\"contentUrl\":\"https:\/\/museusolsona.cat\/wp-content\/uploads\/2016\/05\/Instagram-1.png\",\"width\":1055,\"height\":490},{\"@type\":\"WebSite\",\"@id\":\"https:\/\/museusolsona.cat\/es\/#website\",\"url\":\"https:\/\/museusolsona.cat\/es\/\",\"name\":\"Museu de Solsona Dioces\u00e0 i Comarcal\",\"description\":\"\",\"potentialAction\":[{\"@type\":\"SearchAction\",\"target\":{\"@type\":\"EntryPoint\",\"urlTemplate\":\"https:\/\/museusolsona.cat\/es\/?s={search_term_string}\"},\"query-input\":{\"@type\":\"PropertyValueSpecification\",\"valueRequired\":true,\"valueName\":\"search_term_string\"}}],\"inLanguage\":\"es\"},{\"@type\":\"Person\",\"@id\":\"https:\/\/museusolsona.cat\/#\/schema\/person\/a0d48ab8c2cbe4d90ae310c0ab8f0dbc\",\"name\":\"museusolsona\",\"image\":{\"@type\":\"ImageObject\",\"inLanguage\":\"es\",\"@id\":\"https:\/\/museusolsona.cat\/es\/#\/schema\/person\/image\/\",\"url\":\"https:\/\/secure.gravatar.com\/avatar\/c172e1b5bc293719685f2113189491f9fc7274aecb8b72d799b2d199408e3f9b?s=96&d=mm&r=g\",\"contentUrl\":\"https:\/\/secure.gravatar.com\/avatar\/c172e1b5bc293719685f2113189491f9fc7274aecb8b72d799b2d199408e3f9b?s=96&d=mm&r=g\",\"caption\":\"museusolsona\"},\"url\":\"https:\/\/museusolsona.cat\/es\/author\/museusolsona\/\"}]}<\/script>\n<!-- \/ Yoast SEO plugin. -->","yoast_head_json":{"title":"2n CONCURS FOTOGR\u00c0FIC DEL MUSEU D. I C. DE SOLSONA A INSTAGRAM - Museu de Solsona Dioces\u00e0 i Comarcal","robots":{"index":"index","follow":"follow","max-snippet":"max-snippet:-1","max-image-preview":"max-image-preview:large","max-video-preview":"max-video-preview:-1"},"canonical":"https:\/\/museusolsona.cat\/es\/2n-concurs-fotografic-museu-d-c-solsona-instagram\/","og_locale":"es_ES","og_type":"article","og_title":"2n CONCURS FOTOGR\u00c0FIC DEL MUSEU D. I C. DE SOLSONA A INSTAGRAM - Museu de Solsona Dioces\u00e0 i Comarcal","og_description":"#museusolsona \u00a0 \u00a0 \u00a0 #bestiari \u00a0 \u00a0 \u00a0 \u00a0 #pericopastor Bases del 2n CONCURS FOTOGR\u00c0FIC DEL MUSEU DIOCES\u00c0 I COMARCAL DE SOLSONA A INSTAGRAM Amb [&hellip;]","og_url":"https:\/\/museusolsona.cat\/es\/2n-concurs-fotografic-museu-d-c-solsona-instagram\/","og_site_name":"Museu de Solsona Dioces\u00e0 i Comarcal","article_published_time":"2017-04-20T13:15:58+00:00","article_modified_time":"2017-04-20T15:03:00+00:00","og_image":[{"width":1055,"height":490,"url":"http:\/\/museusolsona.cat\/wp-content\/uploads\/2016\/05\/Instagram-1.png","type":"image\/png"}],"author":"museusolsona","twitter_misc":{"Escrito por":"museusolsona","Tiempo de lectura":"3 minutos"},"schema":{"@context":"https:\/\/schema.org","@graph":[{"@type":"WebPage","@id":"https:\/\/museusolsona.cat\/es\/2n-concurs-fotografic-museu-d-c-solsona-instagram\/","url":"https:\/\/museusolsona.cat\/es\/2n-concurs-fotografic-museu-d-c-solsona-instagram\/","name":"2n CONCURS FOTOGR\u00c0FIC DEL MUSEU D. I C. DE SOLSONA A INSTAGRAM - Museu de Solsona Dioces\u00e0 i Comarcal","isPartOf":{"@id":"https:\/\/museusolsona.cat\/es\/#website"},"primaryImageOfPage":{"@id":"https:\/\/museusolsona.cat\/es\/2n-concurs-fotografic-museu-d-c-solsona-instagram\/#primaryimage"},"image":{"@id":"https:\/\/museusolsona.cat\/2n-concurs-fotografic-museu-d-c-solsona-instagram\/#primaryimage"},"thumbnailUrl":"https:\/\/museusolsona.cat\/wp-content\/uploads\/2016\/05\/Instagram-1.png","datePublished":"2017-04-20T13:15:58+00:00","dateModified":"2017-04-20T15:03:00+00:00","author":{"@id":"https:\/\/museusolsona.cat\/#\/schema\/person\/a0d48ab8c2cbe4d90ae310c0ab8f0dbc"},"inLanguage":"es","potentialAction":[{"@type":"ReadAction","target":[["https:\/\/museusolsona.cat\/es\/2n-concurs-fotografic-museu-d-c-solsona-instagram\/"]]}]},{"@type":"ImageObject","inLanguage":"es","@id":"https:\/\/museusolsona.cat\/es\/2n-concurs-fotografic-museu-d-c-solsona-instagram\/#primaryimage","url":"https:\/\/museusolsona.cat\/wp-content\/uploads\/2016\/05\/Instagram-1.png","contentUrl":"https:\/\/museusolsona.cat\/wp-content\/uploads\/2016\/05\/Instagram-1.png","width":1055,"height":490},{"@type":"WebSite","@id":"https:\/\/museusolsona.cat\/es\/#website","url":"https:\/\/museusolsona.cat\/es\/","name":"Museu de Solsona Dioces\u00e0 i Comarcal","description":"","potentialAction":[{"@type":"SearchAction","target":{"@type":"EntryPoint","urlTemplate":"https:\/\/museusolsona.cat\/es\/?s={search_term_string}"},"query-input":{"@type":"PropertyValueSpecification","valueRequired":true,"valueName":"search_term_string"}}],"inLanguage":"es"},{"@type":"Person","@id":"https:\/\/museusolsona.cat\/#\/schema\/person\/a0d48ab8c2cbe4d90ae310c0ab8f0dbc","name":"museusolsona","image":{"@type":"ImageObject","inLanguage":"es","@id":"https:\/\/museusolsona.cat\/es\/#\/schema\/person\/image\/","url":"https:\/\/secure.gravatar.com\/avatar\/c172e1b5bc293719685f2113189491f9fc7274aecb8b72d799b2d199408e3f9b?s=96&d=mm&r=g","contentUrl":"https:\/\/secure.gravatar.com\/avatar\/c172e1b5bc293719685f2113189491f9fc7274aecb8b72d799b2d199408e3f9b?s=96&d=mm&r=g","caption":"museusolsona"},"url":"https:\/\/museusolsona.cat\/es\/author\/museusolsona\/"}]}},"_links":{"self":[{"href":"https:\/\/museusolsona.cat\/es\/wp-json\/wp\/v2\/posts\/2210","targetHints":{"allow":["GET"]}}],"collection":[{"href":"https:\/\/museusolsona.cat\/es\/wp-json\/wp\/v2\/posts"}],"about":[{"href":"https:\/\/museusolsona.cat\/es\/wp-json\/wp\/v2\/types\/post"}],"author":[{"embeddable":true,"href":"https:\/\/museusolsona.cat\/es\/wp-json\/wp\/v2\/users\/2"}],"replies":[{"embeddable":true,"href":"https:\/\/museusolsona.cat\/es\/wp-json\/wp\/v2\/comments?post=2210"}],"version-history":[{"count":3,"href":"https:\/\/museusolsona.cat\/es\/wp-json\/wp\/v2\/posts\/2210\/revisions"}],"predecessor-version":[{"id":2213,"href":"https:\/\/museusolsona.cat\/es\/wp-json\/wp\/v2\/posts\/2210\/revisions\/2213"}],"wp:featuredmedia":[{"embeddable":true,"href":"https:\/\/museusolsona.cat\/es\/wp-json\/wp\/v2\/media\/1590"}],"wp:attachment":[{"href":"https:\/\/museusolsona.cat\/es\/wp-json\/wp\/v2\/media?parent=2210"}],"wp:term":[{"taxonomy":"category","embeddable":true,"href":"https:\/\/museusolsona.cat\/es\/wp-json\/wp\/v2\/categories?post=2210"},{"taxonomy":"post_tag","embeddable":true,"href":"https:\/\/museusolsona.cat\/es\/wp-json\/wp\/v2\/tags?post=2210"}],"curies":[{"name":"wp","href":"https:\/\/api.w.org\/{rel}","templated":true}]}}