{"id":2216,"date":"2017-04-26T11:44:34","date_gmt":"2017-04-26T11:44:34","guid":{"rendered":"https:\/\/museusolsona.cat\/?p=2216"},"modified":"2017-04-26T11:44:34","modified_gmt":"2017-04-26T11:44:34","slug":"acte-presentacio-restauracio-llibre-baptsimes-solsona","status":"publish","type":"post","link":"https:\/\/museusolsona.cat\/es\/acte-presentacio-restauracio-llibre-baptsimes-solsona\/","title":{"rendered":"Acte de presentaci\u00f3 de la restauraci\u00f3 del Primer Llibre de Baptsimes de la Seu de Solsona"},"content":{"rendered":"<p>Una cinquantena de persones van assistir divendres 21 d\u2019abril a la presentaci\u00f3 de la restauraci\u00f3 del Primer Llibre de Baptismes de la Seu de Solsona (1565-1597).<\/p>\n<p>Durant l\u2019acte, celebrat al Museu D. i C. de Solsona,\u00a0 el director de l&#8217;Arxiu Dioces\u00e0 de Solsona, Mn. Enric Bartrina, \u00a0va iniciar la seva intervenci\u00f3 posant l\u2019\u00e8mfasi en la conservaci\u00f3 al bisbat de Solsona de tots els llibres sacramentals des de l\u2019any 1565, \u00a0des que el Concili de Trento va dictar l\u2019ordre de registrar tots els baptismes, matrimonis i defuncions de les parr\u00f2quies. En total 49 llibres el primer dels quals fou el protagonista de l\u2019acte. Mn. Bartrina n\u2019explic\u00e0 tamb\u00e9 algunes curiositats com que el llibre cont\u00e9 la inscripci\u00f3 del naixement del pintor Francesc Ribalta o b\u00e9 una not\u00edcia referent a la creaci\u00f3 del Bisbat de Solsona.<\/p>\n<p>Acte seguit intervingu\u00e9 el t\u00e8cnic del Centre de Restauraci\u00f3 de B\u00e9ns Mobles de Catalunya que s\u2019ha encarregat de la restauraci\u00f3 del llibre, el Sr. Toni Espar\u00f3. Durant quatre mesos s\u2019ha analitzat, desmuntat, netejat i consolidat l\u2019exemplar per tal de garantir-ne la seva conservaci\u00f3 en el futur. Amb aquesta mateixa finalitat, l\u2019obra continuar\u00e0 dipositada a l\u2019Arxiu Dioces\u00e0 per\u00f2 no ser\u00e0 consultable per al p\u00fablic en general. Per tal de con\u00e8ixer el seu contingut qui precisi utilitzar-la podr\u00e0 treballar amb una c\u00f2pia digitalitzada feta per l\u2019Arxiu Comarcal del Solson\u00e8s.<\/p>\n<p>A l\u2019acte tamb\u00e9 hi intervingueren Mn. Josep M\u00aa Vilaseca, Vicari General del Bisbat de Solsona, Maria \u00c0ngels Sol\u00e9, directora del Centre de Restauraci\u00f3 de B\u00e9ns Mobles de Catalunya i Mn. Llu\u00eds Prat, director del Museu D. i C. de Solsona.<\/p>\n<p><img loading=\"lazy\" decoding=\"async\" class=\"alignnone wp-image-2217 size-full\" src=\"https:\/\/museusolsona.cat\/wp-content\/uploads\/2017\/04\/20170421_192354.jpg\" alt=\"\" width=\"4128\" height=\"3096\" srcset=\"https:\/\/museusolsona.cat\/wp-content\/uploads\/2017\/04\/20170421_192354.jpg 4128w, https:\/\/museusolsona.cat\/wp-content\/uploads\/2017\/04\/20170421_192354-300x225.jpg 300w, https:\/\/museusolsona.cat\/wp-content\/uploads\/2017\/04\/20170421_192354-768x576.jpg 768w, https:\/\/museusolsona.cat\/wp-content\/uploads\/2017\/04\/20170421_192354-1024x768.jpg 1024w\" sizes=\"auto, (max-width: 4128px) 100vw, 4128px\" \/>\u00a0<img loading=\"lazy\" decoding=\"async\" class=\"alignnone wp-image-2207 size-full\" src=\"https:\/\/museusolsona.cat\/wp-content\/uploads\/2017\/04\/Partida-naixement-ribalta.png\" alt=\"\" width=\"1633\" height=\"384\" srcset=\"https:\/\/museusolsona.cat\/wp-content\/uploads\/2017\/04\/Partida-naixement-ribalta.png 1633w, https:\/\/museusolsona.cat\/wp-content\/uploads\/2017\/04\/Partida-naixement-ribalta-300x71.png 300w, https:\/\/museusolsona.cat\/wp-content\/uploads\/2017\/04\/Partida-naixement-ribalta-768x181.png 768w, https:\/\/museusolsona.cat\/wp-content\/uploads\/2017\/04\/Partida-naixement-ribalta-1024x241.png 1024w\" sizes=\"auto, (max-width: 1633px) 100vw, 1633px\" \/><\/p>\n<p>&nbsp;<\/p>\n","protected":false},"excerpt":{"rendered":"<p>Una cinquantena de persones van assistir divendres 21 d\u2019abril a la presentaci\u00f3 de la restauraci\u00f3 del Primer Llibre de Baptismes de la Seu de Solsona [&hellip;]<\/p>\n","protected":false},"author":2,"featured_media":2219,"comment_status":"open","ping_status":"open","sticky":false,"template":"","format":"standard","meta":{"_acf_changed":false,"_monsterinsights_skip_tracking":false,"_monsterinsights_sitenote_active":false,"_monsterinsights_sitenote_note":"","_monsterinsights_sitenote_category":0,"footnotes":""},"categories":[1],"tags":[],"class_list":["post-2216","post","type-post","status-publish","format-standard","has-post-thumbnail","hentry","category-general"],"acf":[],"yoast_head":"<!-- This site is optimized with the Yoast SEO plugin v25.5 - https:\/\/yoast.com\/wordpress\/plugins\/seo\/ -->\n<title>Acte de presentaci\u00f3 de la restauraci\u00f3 del Primer Llibre de Baptsimes de la Seu de Solsona - Museu de Solsona Dioces\u00e0 i Comarcal<\/title>\n<meta name=\"robots\" content=\"index, follow, max-snippet:-1, max-image-preview:large, max-video-preview:-1\" \/>\n<link rel=\"canonical\" href=\"https:\/\/museusolsona.cat\/es\/acte-presentacio-restauracio-llibre-baptsimes-solsona\/\" \/>\n<meta property=\"og:locale\" content=\"es_ES\" \/>\n<meta property=\"og:type\" content=\"article\" \/>\n<meta property=\"og:title\" content=\"Acte de presentaci\u00f3 de la restauraci\u00f3 del Primer Llibre de Baptsimes de la Seu de Solsona - Museu de Solsona Dioces\u00e0 i Comarcal\" \/>\n<meta property=\"og:description\" content=\"Una cinquantena de persones van assistir divendres 21 d\u2019abril a la presentaci\u00f3 de la restauraci\u00f3 del Primer Llibre de Baptismes de la Seu de Solsona [&hellip;]\" \/>\n<meta property=\"og:url\" content=\"https:\/\/museusolsona.cat\/es\/acte-presentacio-restauracio-llibre-baptsimes-solsona\/\" \/>\n<meta property=\"og:site_name\" content=\"Museu de Solsona Dioces\u00e0 i Comarcal\" \/>\n<meta property=\"article:published_time\" content=\"2017-04-26T11:44:34+00:00\" \/>\n<meta property=\"og:image\" content=\"http:\/\/museusolsona.cat\/wp-content\/uploads\/2017\/04\/IMG_9847-1-1024x683.jpg\" \/>\n\t<meta property=\"og:image:width\" content=\"1024\" \/>\n\t<meta property=\"og:image:height\" content=\"683\" \/>\n\t<meta property=\"og:image:type\" content=\"image\/jpeg\" \/>\n<meta name=\"author\" content=\"museusolsona\" \/>\n<meta name=\"twitter:label1\" content=\"Escrito por\" \/>\n\t<meta name=\"twitter:data1\" content=\"museusolsona\" \/>\n\t<meta name=\"twitter:label2\" content=\"Tiempo de lectura\" \/>\n\t<meta name=\"twitter:data2\" content=\"1 minuto\" \/>\n<script type=\"application\/ld+json\" class=\"yoast-schema-graph\">{\"@context\":\"https:\/\/schema.org\",\"@graph\":[{\"@type\":\"WebPage\",\"@id\":\"https:\/\/museusolsona.cat\/es\/acte-presentacio-restauracio-llibre-baptsimes-solsona\/\",\"url\":\"https:\/\/museusolsona.cat\/es\/acte-presentacio-restauracio-llibre-baptsimes-solsona\/\",\"name\":\"Acte de presentaci\u00f3 de la restauraci\u00f3 del Primer Llibre de Baptsimes de la Seu de Solsona - Museu de Solsona Dioces\u00e0 i Comarcal\",\"isPartOf\":{\"@id\":\"https:\/\/museusolsona.cat\/es\/#website\"},\"primaryImageOfPage\":{\"@id\":\"https:\/\/museusolsona.cat\/es\/acte-presentacio-restauracio-llibre-baptsimes-solsona\/#primaryimage\"},\"image\":{\"@id\":\"https:\/\/museusolsona.cat\/acte-presentacio-restauracio-llibre-baptsimes-solsona\/#primaryimage\"},\"thumbnailUrl\":\"https:\/\/museusolsona.cat\/wp-content\/uploads\/2017\/04\/IMG_9847-1.jpg\",\"datePublished\":\"2017-04-26T11:44:34+00:00\",\"author\":{\"@id\":\"https:\/\/museusolsona.cat\/#\/schema\/person\/a0d48ab8c2cbe4d90ae310c0ab8f0dbc\"},\"inLanguage\":\"es\",\"potentialAction\":[{\"@type\":\"ReadAction\",\"target\":[[\"https:\/\/museusolsona.cat\/es\/acte-presentacio-restauracio-llibre-baptsimes-solsona\/\"]]}]},{\"@type\":\"ImageObject\",\"inLanguage\":\"es\",\"@id\":\"https:\/\/museusolsona.cat\/es\/acte-presentacio-restauracio-llibre-baptsimes-solsona\/#primaryimage\",\"url\":\"https:\/\/museusolsona.cat\/wp-content\/uploads\/2017\/04\/IMG_9847-1.jpg\",\"contentUrl\":\"https:\/\/museusolsona.cat\/wp-content\/uploads\/2017\/04\/IMG_9847-1.jpg\",\"width\":5472,\"height\":3648},{\"@type\":\"WebSite\",\"@id\":\"https:\/\/museusolsona.cat\/es\/#website\",\"url\":\"https:\/\/museusolsona.cat\/es\/\",\"name\":\"Museu de Solsona Dioces\u00e0 i Comarcal\",\"description\":\"\",\"potentialAction\":[{\"@type\":\"SearchAction\",\"target\":{\"@type\":\"EntryPoint\",\"urlTemplate\":\"https:\/\/museusolsona.cat\/es\/?s={search_term_string}\"},\"query-input\":{\"@type\":\"PropertyValueSpecification\",\"valueRequired\":true,\"valueName\":\"search_term_string\"}}],\"inLanguage\":\"es\"},{\"@type\":\"Person\",\"@id\":\"https:\/\/museusolsona.cat\/#\/schema\/person\/a0d48ab8c2cbe4d90ae310c0ab8f0dbc\",\"name\":\"museusolsona\",\"image\":{\"@type\":\"ImageObject\",\"inLanguage\":\"es\",\"@id\":\"https:\/\/museusolsona.cat\/es\/#\/schema\/person\/image\/\",\"url\":\"https:\/\/secure.gravatar.com\/avatar\/c172e1b5bc293719685f2113189491f9fc7274aecb8b72d799b2d199408e3f9b?s=96&d=mm&r=g\",\"contentUrl\":\"https:\/\/secure.gravatar.com\/avatar\/c172e1b5bc293719685f2113189491f9fc7274aecb8b72d799b2d199408e3f9b?s=96&d=mm&r=g\",\"caption\":\"museusolsona\"},\"url\":\"https:\/\/museusolsona.cat\/es\/author\/museusolsona\/\"}]}<\/script>\n<!-- \/ Yoast SEO plugin. -->","yoast_head_json":{"title":"Acte de presentaci\u00f3 de la restauraci\u00f3 del Primer Llibre de Baptsimes de la Seu de Solsona - Museu de Solsona Dioces\u00e0 i Comarcal","robots":{"index":"index","follow":"follow","max-snippet":"max-snippet:-1","max-image-preview":"max-image-preview:large","max-video-preview":"max-video-preview:-1"},"canonical":"https:\/\/museusolsona.cat\/es\/acte-presentacio-restauracio-llibre-baptsimes-solsona\/","og_locale":"es_ES","og_type":"article","og_title":"Acte de presentaci\u00f3 de la restauraci\u00f3 del Primer Llibre de Baptsimes de la Seu de Solsona - Museu de Solsona Dioces\u00e0 i Comarcal","og_description":"Una cinquantena de persones van assistir divendres 21 d\u2019abril a la presentaci\u00f3 de la restauraci\u00f3 del Primer Llibre de Baptismes de la Seu de Solsona [&hellip;]","og_url":"https:\/\/museusolsona.cat\/es\/acte-presentacio-restauracio-llibre-baptsimes-solsona\/","og_site_name":"Museu de Solsona Dioces\u00e0 i Comarcal","article_published_time":"2017-04-26T11:44:34+00:00","og_image":[{"width":1024,"height":683,"url":"http:\/\/museusolsona.cat\/wp-content\/uploads\/2017\/04\/IMG_9847-1-1024x683.jpg","type":"image\/jpeg"}],"author":"museusolsona","twitter_misc":{"Escrito por":"museusolsona","Tiempo de lectura":"1 minuto"},"schema":{"@context":"https:\/\/schema.org","@graph":[{"@type":"WebPage","@id":"https:\/\/museusolsona.cat\/es\/acte-presentacio-restauracio-llibre-baptsimes-solsona\/","url":"https:\/\/museusolsona.cat\/es\/acte-presentacio-restauracio-llibre-baptsimes-solsona\/","name":"Acte de presentaci\u00f3 de la restauraci\u00f3 del Primer Llibre de Baptsimes de la Seu de Solsona - Museu de Solsona Dioces\u00e0 i Comarcal","isPartOf":{"@id":"https:\/\/museusolsona.cat\/es\/#website"},"primaryImageOfPage":{"@id":"https:\/\/museusolsona.cat\/es\/acte-presentacio-restauracio-llibre-baptsimes-solsona\/#primaryimage"},"image":{"@id":"https:\/\/museusolsona.cat\/acte-presentacio-restauracio-llibre-baptsimes-solsona\/#primaryimage"},"thumbnailUrl":"https:\/\/museusolsona.cat\/wp-content\/uploads\/2017\/04\/IMG_9847-1.jpg","datePublished":"2017-04-26T11:44:34+00:00","author":{"@id":"https:\/\/museusolsona.cat\/#\/schema\/person\/a0d48ab8c2cbe4d90ae310c0ab8f0dbc"},"inLanguage":"es","potentialAction":[{"@type":"ReadAction","target":[["https:\/\/museusolsona.cat\/es\/acte-presentacio-restauracio-llibre-baptsimes-solsona\/"]]}]},{"@type":"ImageObject","inLanguage":"es","@id":"https:\/\/museusolsona.cat\/es\/acte-presentacio-restauracio-llibre-baptsimes-solsona\/#primaryimage","url":"https:\/\/museusolsona.cat\/wp-content\/uploads\/2017\/04\/IMG_9847-1.jpg","contentUrl":"https:\/\/museusolsona.cat\/wp-content\/uploads\/2017\/04\/IMG_9847-1.jpg","width":5472,"height":3648},{"@type":"WebSite","@id":"https:\/\/museusolsona.cat\/es\/#website","url":"https:\/\/museusolsona.cat\/es\/","name":"Museu de Solsona Dioces\u00e0 i Comarcal","description":"","potentialAction":[{"@type":"SearchAction","target":{"@type":"EntryPoint","urlTemplate":"https:\/\/museusolsona.cat\/es\/?s={search_term_string}"},"query-input":{"@type":"PropertyValueSpecification","valueRequired":true,"valueName":"search_term_string"}}],"inLanguage":"es"},{"@type":"Person","@id":"https:\/\/museusolsona.cat\/#\/schema\/person\/a0d48ab8c2cbe4d90ae310c0ab8f0dbc","name":"museusolsona","image":{"@type":"ImageObject","inLanguage":"es","@id":"https:\/\/museusolsona.cat\/es\/#\/schema\/person\/image\/","url":"https:\/\/secure.gravatar.com\/avatar\/c172e1b5bc293719685f2113189491f9fc7274aecb8b72d799b2d199408e3f9b?s=96&d=mm&r=g","contentUrl":"https:\/\/secure.gravatar.com\/avatar\/c172e1b5bc293719685f2113189491f9fc7274aecb8b72d799b2d199408e3f9b?s=96&d=mm&r=g","caption":"museusolsona"},"url":"https:\/\/museusolsona.cat\/es\/author\/museusolsona\/"}]}},"_links":{"self":[{"href":"https:\/\/museusolsona.cat\/es\/wp-json\/wp\/v2\/posts\/2216","targetHints":{"allow":["GET"]}}],"collection":[{"href":"https:\/\/museusolsona.cat\/es\/wp-json\/wp\/v2\/posts"}],"about":[{"href":"https:\/\/museusolsona.cat\/es\/wp-json\/wp\/v2\/types\/post"}],"author":[{"embeddable":true,"href":"https:\/\/museusolsona.cat\/es\/wp-json\/wp\/v2\/users\/2"}],"replies":[{"embeddable":true,"href":"https:\/\/museusolsona.cat\/es\/wp-json\/wp\/v2\/comments?post=2216"}],"version-history":[{"count":2,"href":"https:\/\/museusolsona.cat\/es\/wp-json\/wp\/v2\/posts\/2216\/revisions"}],"predecessor-version":[{"id":2221,"href":"https:\/\/museusolsona.cat\/es\/wp-json\/wp\/v2\/posts\/2216\/revisions\/2221"}],"wp:featuredmedia":[{"embeddable":true,"href":"https:\/\/museusolsona.cat\/es\/wp-json\/wp\/v2\/media\/2219"}],"wp:attachment":[{"href":"https:\/\/museusolsona.cat\/es\/wp-json\/wp\/v2\/media?parent=2216"}],"wp:term":[{"taxonomy":"category","embeddable":true,"href":"https:\/\/museusolsona.cat\/es\/wp-json\/wp\/v2\/categories?post=2216"},{"taxonomy":"post_tag","embeddable":true,"href":"https:\/\/museusolsona.cat\/es\/wp-json\/wp\/v2\/tags?post=2216"}],"curies":[{"name":"wp","href":"https:\/\/api.w.org\/{rel}","templated":true}]}}