{"id":2222,"date":"2017-05-02T11:30:45","date_gmt":"2017-05-02T11:30:45","guid":{"rendered":"https:\/\/museusolsona.cat\/?p=2222"},"modified":"2017-05-02T11:30:45","modified_gmt":"2017-05-02T11:30:45","slug":"omnium-solsones-presenta-picasso-editors-gustavo-gili-claustre-rafart-planas","status":"publish","type":"post","link":"https:\/\/museusolsona.cat\/es\/omnium-solsones-presenta-picasso-editors-gustavo-gili-claustre-rafart-planas\/","title":{"rendered":"\u00d2mnium Solson\u00e8s presenta \u201cPicasso i els editors Gustavo Gili\u201d , de Claustre Rafart i Planas"},"content":{"rendered":"<p>L\u2019acte tindr\u00e0 lloc el divendres 5 de maig, a les 8 del vespre a la Sala del Campanar, del Museu D. i C. de Solsona.<\/p>\n<p><strong> Picasso i els editors Gustavo Gili. Escrits des de Barcelona<\/strong>, explica la hist\u00f2ria de l\u2019apassionant relaci\u00f3 de Pablo Ruiz Picasso amb els editors barcelonins Gustavo Gili, en dos grans blocs. Primera etapa: Un editor il\u00b7lustrat per a un artista d\u2019avantguarda. Segona etapa: Treball i amistat. Es complementen amb l\u2019Addenda, Barcelona com a tel\u00f3 de fons. Dos apartats i una addenda que expliquen la hist\u00f2ria d\u2019una terna indissoluble: Picasso-Gili-Barcelona.<\/p>\n<p><strong>Claustre Rafart i Planas<\/strong>, solsonina, \u00e9s llicenciada en geografia i hist\u00f2ria (especialitat en hist\u00f2ria contempor\u00e0nia) per la UB. Conservadora del Museu Picasso de Barcelona des de l\u20191 de gener de 2014; Assessora t\u00e8cnica del Museu Picasso de Barcelona, (2008-2013), Assessora t\u00e8cnica de la Direcci\u00f3 d\u2019Acci\u00f3 Cultural (2006- 2007). Conservadora del Museu T\u00e8xtil de Barcelona (2003-2005). Responsable de Comunicaci\u00f3 i Acci\u00f3 Cultural del Museu Picasso (1992-2002). T\u00e8cnica superior en art i hist\u00f2ria de l\u2019Ajuntament de Barcelona. Comiss\u00e0ria d\u2019exposicions, investigadora especialista en avantguardes hist\u00f2riques, i en la vida i obra de Pablo Picasso, de manera especial de la relaci\u00f3 del pintor amb Barcelona. Autora de diverses publicacions: Guia del Museu Picasso de Barcelona (1998), Picasso i Barcelona (1999), Las Meninas de Picasso (2001) i Els paisatges de la Barcelona de Picasso (2007). Aix\u00ed mateix, ha publicat en revistes especialitzades, premsa escrita i al blog del Museu Picasso. Ha participat en jornades i seminaris i impartit nombroses confer\u00e8ncies.<\/p>\n<p><img loading=\"lazy\" decoding=\"async\" class=\"alignnone wp-image-2223 size-full\" src=\"https:\/\/museusolsona.cat\/wp-content\/uploads\/2017\/05\/Cartell-5-de-maig-1.jpg\" alt=\"\" width=\"1890\" height=\"2657\" srcset=\"https:\/\/museusolsona.cat\/wp-content\/uploads\/2017\/05\/Cartell-5-de-maig-1.jpg 1890w, https:\/\/museusolsona.cat\/wp-content\/uploads\/2017\/05\/Cartell-5-de-maig-1-213x300.jpg 213w, https:\/\/museusolsona.cat\/wp-content\/uploads\/2017\/05\/Cartell-5-de-maig-1-768x1080.jpg 768w, https:\/\/museusolsona.cat\/wp-content\/uploads\/2017\/05\/Cartell-5-de-maig-1-728x1024.jpg 728w\" sizes=\"auto, (max-width: 1890px) 100vw, 1890px\" \/><\/p>\n","protected":false},"excerpt":{"rendered":"<p>L\u2019acte tindr\u00e0 lloc el divendres 5 de maig, a les 8 del vespre a la Sala del Campanar, del Museu D. i C. de Solsona. [&hellip;]<\/p>\n","protected":false},"author":2,"featured_media":2224,"comment_status":"open","ping_status":"open","sticky":false,"template":"","format":"standard","meta":{"_acf_changed":false,"_monsterinsights_skip_tracking":false,"_monsterinsights_sitenote_active":false,"_monsterinsights_sitenote_note":"","_monsterinsights_sitenote_category":0,"footnotes":""},"categories":[1],"tags":[],"class_list":["post-2222","post","type-post","status-publish","format-standard","has-post-thumbnail","hentry","category-general"],"acf":[],"yoast_head":"<!-- This site is optimized with the Yoast SEO plugin v25.5 - https:\/\/yoast.com\/wordpress\/plugins\/seo\/ -->\n<title>\u00d2mnium Solson\u00e8s presenta \u201cPicasso i els editors Gustavo Gili\u201d , de Claustre Rafart i Planas - Museu de Solsona Dioces\u00e0 i Comarcal<\/title>\n<meta name=\"robots\" content=\"index, follow, max-snippet:-1, max-image-preview:large, max-video-preview:-1\" \/>\n<link rel=\"canonical\" href=\"https:\/\/museusolsona.cat\/es\/omnium-solsones-presenta-picasso-editors-gustavo-gili-claustre-rafart-planas\/\" \/>\n<meta property=\"og:locale\" content=\"es_ES\" \/>\n<meta property=\"og:type\" content=\"article\" \/>\n<meta property=\"og:title\" content=\"\u00d2mnium Solson\u00e8s presenta \u201cPicasso i els editors Gustavo Gili\u201d , de Claustre Rafart i Planas - Museu de Solsona Dioces\u00e0 i Comarcal\" \/>\n<meta property=\"og:description\" content=\"L\u2019acte tindr\u00e0 lloc el divendres 5 de maig, a les 8 del vespre a la Sala del Campanar, del Museu D. i C. de Solsona. [&hellip;]\" \/>\n<meta property=\"og:url\" content=\"https:\/\/museusolsona.cat\/es\/omnium-solsones-presenta-picasso-editors-gustavo-gili-claustre-rafart-planas\/\" \/>\n<meta property=\"og:site_name\" content=\"Museu de Solsona Dioces\u00e0 i Comarcal\" \/>\n<meta property=\"article:published_time\" content=\"2017-05-02T11:30:45+00:00\" \/>\n<meta property=\"og:image\" content=\"http:\/\/museusolsona.cat\/wp-content\/uploads\/2017\/05\/Cartell-5-de-maig-1-1-e1493724519874.jpg\" \/>\n\t<meta property=\"og:image:width\" content=\"808\" \/>\n\t<meta property=\"og:image:height\" content=\"521\" \/>\n\t<meta property=\"og:image:type\" content=\"image\/jpeg\" \/>\n<meta name=\"author\" content=\"museusolsona\" \/>\n<meta name=\"twitter:label1\" content=\"Escrito por\" \/>\n\t<meta name=\"twitter:data1\" content=\"museusolsona\" \/>\n\t<meta name=\"twitter:label2\" content=\"Tiempo de lectura\" \/>\n\t<meta name=\"twitter:data2\" content=\"1 minuto\" \/>\n<script type=\"application\/ld+json\" class=\"yoast-schema-graph\">{\"@context\":\"https:\/\/schema.org\",\"@graph\":[{\"@type\":\"WebPage\",\"@id\":\"https:\/\/museusolsona.cat\/es\/omnium-solsones-presenta-picasso-editors-gustavo-gili-claustre-rafart-planas\/\",\"url\":\"https:\/\/museusolsona.cat\/es\/omnium-solsones-presenta-picasso-editors-gustavo-gili-claustre-rafart-planas\/\",\"name\":\"\u00d2mnium Solson\u00e8s presenta \u201cPicasso i els editors Gustavo Gili\u201d , de Claustre Rafart i Planas - Museu de Solsona Dioces\u00e0 i Comarcal\",\"isPartOf\":{\"@id\":\"https:\/\/museusolsona.cat\/es\/#website\"},\"primaryImageOfPage\":{\"@id\":\"https:\/\/museusolsona.cat\/es\/omnium-solsones-presenta-picasso-editors-gustavo-gili-claustre-rafart-planas\/#primaryimage\"},\"image\":{\"@id\":\"https:\/\/museusolsona.cat\/omnium-solsones-presenta-picasso-editors-gustavo-gili-claustre-rafart-planas\/#primaryimage\"},\"thumbnailUrl\":\"https:\/\/museusolsona.cat\/wp-content\/uploads\/2017\/05\/Cartell-5-de-maig-1-1-e1493724519874.jpg\",\"datePublished\":\"2017-05-02T11:30:45+00:00\",\"author\":{\"@id\":\"https:\/\/museusolsona.cat\/#\/schema\/person\/a0d48ab8c2cbe4d90ae310c0ab8f0dbc\"},\"inLanguage\":\"es\",\"potentialAction\":[{\"@type\":\"ReadAction\",\"target\":[[\"https:\/\/museusolsona.cat\/es\/omnium-solsones-presenta-picasso-editors-gustavo-gili-claustre-rafart-planas\/\"]]}]},{\"@type\":\"ImageObject\",\"inLanguage\":\"es\",\"@id\":\"https:\/\/museusolsona.cat\/es\/omnium-solsones-presenta-picasso-editors-gustavo-gili-claustre-rafart-planas\/#primaryimage\",\"url\":\"https:\/\/museusolsona.cat\/wp-content\/uploads\/2017\/05\/Cartell-5-de-maig-1-1-e1493724519874.jpg\",\"contentUrl\":\"https:\/\/museusolsona.cat\/wp-content\/uploads\/2017\/05\/Cartell-5-de-maig-1-1-e1493724519874.jpg\",\"width\":808,\"height\":521},{\"@type\":\"WebSite\",\"@id\":\"https:\/\/museusolsona.cat\/es\/#website\",\"url\":\"https:\/\/museusolsona.cat\/es\/\",\"name\":\"Museu de Solsona Dioces\u00e0 i Comarcal\",\"description\":\"\",\"potentialAction\":[{\"@type\":\"SearchAction\",\"target\":{\"@type\":\"EntryPoint\",\"urlTemplate\":\"https:\/\/museusolsona.cat\/es\/?s={search_term_string}\"},\"query-input\":{\"@type\":\"PropertyValueSpecification\",\"valueRequired\":true,\"valueName\":\"search_term_string\"}}],\"inLanguage\":\"es\"},{\"@type\":\"Person\",\"@id\":\"https:\/\/museusolsona.cat\/#\/schema\/person\/a0d48ab8c2cbe4d90ae310c0ab8f0dbc\",\"name\":\"museusolsona\",\"image\":{\"@type\":\"ImageObject\",\"inLanguage\":\"es\",\"@id\":\"https:\/\/museusolsona.cat\/es\/#\/schema\/person\/image\/\",\"url\":\"https:\/\/secure.gravatar.com\/avatar\/c172e1b5bc293719685f2113189491f9fc7274aecb8b72d799b2d199408e3f9b?s=96&d=mm&r=g\",\"contentUrl\":\"https:\/\/secure.gravatar.com\/avatar\/c172e1b5bc293719685f2113189491f9fc7274aecb8b72d799b2d199408e3f9b?s=96&d=mm&r=g\",\"caption\":\"museusolsona\"},\"url\":\"https:\/\/museusolsona.cat\/es\/author\/museusolsona\/\"}]}<\/script>\n<!-- \/ Yoast SEO plugin. -->","yoast_head_json":{"title":"\u00d2mnium Solson\u00e8s presenta \u201cPicasso i els editors Gustavo Gili\u201d , de Claustre Rafart i Planas - Museu de Solsona Dioces\u00e0 i Comarcal","robots":{"index":"index","follow":"follow","max-snippet":"max-snippet:-1","max-image-preview":"max-image-preview:large","max-video-preview":"max-video-preview:-1"},"canonical":"https:\/\/museusolsona.cat\/es\/omnium-solsones-presenta-picasso-editors-gustavo-gili-claustre-rafart-planas\/","og_locale":"es_ES","og_type":"article","og_title":"\u00d2mnium Solson\u00e8s presenta \u201cPicasso i els editors Gustavo Gili\u201d , de Claustre Rafart i Planas - Museu de Solsona Dioces\u00e0 i Comarcal","og_description":"L\u2019acte tindr\u00e0 lloc el divendres 5 de maig, a les 8 del vespre a la Sala del Campanar, del Museu D. i C. de Solsona. [&hellip;]","og_url":"https:\/\/museusolsona.cat\/es\/omnium-solsones-presenta-picasso-editors-gustavo-gili-claustre-rafart-planas\/","og_site_name":"Museu de Solsona Dioces\u00e0 i Comarcal","article_published_time":"2017-05-02T11:30:45+00:00","og_image":[{"width":808,"height":521,"url":"http:\/\/museusolsona.cat\/wp-content\/uploads\/2017\/05\/Cartell-5-de-maig-1-1-e1493724519874.jpg","type":"image\/jpeg"}],"author":"museusolsona","twitter_misc":{"Escrito por":"museusolsona","Tiempo de lectura":"1 minuto"},"schema":{"@context":"https:\/\/schema.org","@graph":[{"@type":"WebPage","@id":"https:\/\/museusolsona.cat\/es\/omnium-solsones-presenta-picasso-editors-gustavo-gili-claustre-rafart-planas\/","url":"https:\/\/museusolsona.cat\/es\/omnium-solsones-presenta-picasso-editors-gustavo-gili-claustre-rafart-planas\/","name":"\u00d2mnium Solson\u00e8s presenta \u201cPicasso i els editors Gustavo Gili\u201d , de Claustre Rafart i Planas - Museu de Solsona Dioces\u00e0 i Comarcal","isPartOf":{"@id":"https:\/\/museusolsona.cat\/es\/#website"},"primaryImageOfPage":{"@id":"https:\/\/museusolsona.cat\/es\/omnium-solsones-presenta-picasso-editors-gustavo-gili-claustre-rafart-planas\/#primaryimage"},"image":{"@id":"https:\/\/museusolsona.cat\/omnium-solsones-presenta-picasso-editors-gustavo-gili-claustre-rafart-planas\/#primaryimage"},"thumbnailUrl":"https:\/\/museusolsona.cat\/wp-content\/uploads\/2017\/05\/Cartell-5-de-maig-1-1-e1493724519874.jpg","datePublished":"2017-05-02T11:30:45+00:00","author":{"@id":"https:\/\/museusolsona.cat\/#\/schema\/person\/a0d48ab8c2cbe4d90ae310c0ab8f0dbc"},"inLanguage":"es","potentialAction":[{"@type":"ReadAction","target":[["https:\/\/museusolsona.cat\/es\/omnium-solsones-presenta-picasso-editors-gustavo-gili-claustre-rafart-planas\/"]]}]},{"@type":"ImageObject","inLanguage":"es","@id":"https:\/\/museusolsona.cat\/es\/omnium-solsones-presenta-picasso-editors-gustavo-gili-claustre-rafart-planas\/#primaryimage","url":"https:\/\/museusolsona.cat\/wp-content\/uploads\/2017\/05\/Cartell-5-de-maig-1-1-e1493724519874.jpg","contentUrl":"https:\/\/museusolsona.cat\/wp-content\/uploads\/2017\/05\/Cartell-5-de-maig-1-1-e1493724519874.jpg","width":808,"height":521},{"@type":"WebSite","@id":"https:\/\/museusolsona.cat\/es\/#website","url":"https:\/\/museusolsona.cat\/es\/","name":"Museu de Solsona Dioces\u00e0 i Comarcal","description":"","potentialAction":[{"@type":"SearchAction","target":{"@type":"EntryPoint","urlTemplate":"https:\/\/museusolsona.cat\/es\/?s={search_term_string}"},"query-input":{"@type":"PropertyValueSpecification","valueRequired":true,"valueName":"search_term_string"}}],"inLanguage":"es"},{"@type":"Person","@id":"https:\/\/museusolsona.cat\/#\/schema\/person\/a0d48ab8c2cbe4d90ae310c0ab8f0dbc","name":"museusolsona","image":{"@type":"ImageObject","inLanguage":"es","@id":"https:\/\/museusolsona.cat\/es\/#\/schema\/person\/image\/","url":"https:\/\/secure.gravatar.com\/avatar\/c172e1b5bc293719685f2113189491f9fc7274aecb8b72d799b2d199408e3f9b?s=96&d=mm&r=g","contentUrl":"https:\/\/secure.gravatar.com\/avatar\/c172e1b5bc293719685f2113189491f9fc7274aecb8b72d799b2d199408e3f9b?s=96&d=mm&r=g","caption":"museusolsona"},"url":"https:\/\/museusolsona.cat\/es\/author\/museusolsona\/"}]}},"_links":{"self":[{"href":"https:\/\/museusolsona.cat\/es\/wp-json\/wp\/v2\/posts\/2222","targetHints":{"allow":["GET"]}}],"collection":[{"href":"https:\/\/museusolsona.cat\/es\/wp-json\/wp\/v2\/posts"}],"about":[{"href":"https:\/\/museusolsona.cat\/es\/wp-json\/wp\/v2\/types\/post"}],"author":[{"embeddable":true,"href":"https:\/\/museusolsona.cat\/es\/wp-json\/wp\/v2\/users\/2"}],"replies":[{"embeddable":true,"href":"https:\/\/museusolsona.cat\/es\/wp-json\/wp\/v2\/comments?post=2222"}],"version-history":[{"count":1,"href":"https:\/\/museusolsona.cat\/es\/wp-json\/wp\/v2\/posts\/2222\/revisions"}],"predecessor-version":[{"id":2225,"href":"https:\/\/museusolsona.cat\/es\/wp-json\/wp\/v2\/posts\/2222\/revisions\/2225"}],"wp:featuredmedia":[{"embeddable":true,"href":"https:\/\/museusolsona.cat\/es\/wp-json\/wp\/v2\/media\/2224"}],"wp:attachment":[{"href":"https:\/\/museusolsona.cat\/es\/wp-json\/wp\/v2\/media?parent=2222"}],"wp:term":[{"taxonomy":"category","embeddable":true,"href":"https:\/\/museusolsona.cat\/es\/wp-json\/wp\/v2\/categories?post=2222"},{"taxonomy":"post_tag","embeddable":true,"href":"https:\/\/museusolsona.cat\/es\/wp-json\/wp\/v2\/tags?post=2222"}],"curies":[{"name":"wp","href":"https:\/\/api.w.org\/{rel}","templated":true}]}}